{"id":916,"date":"2023-09-12T14:37:59","date_gmt":"2023-09-12T12:37:59","guid":{"rendered":"https:\/\/test.feuerwehr-sevelen.de\/?p=916"},"modified":"2023-09-17T10:22:30","modified_gmt":"2023-09-17T08:22:30","slug":"einsatzinfo-09-09-2023-2250-uhr","status":"publish","type":"post","link":"https:\/\/www.feuerwehr-sevelen.de\/?p=916","title":{"rendered":"Einsatzinfo 09.09.2023 ++ 22:50 Uhr"},"content":{"rendered":"\r\n<p>Einsatzmeldung: R3 &#8211; Verkehrsunfall Person eingeklemmt<\/p>\r\n\r\n\r\n\r\n<p>Aus bisher nicht ermittelter Ursache verlor der Fahrer eines Pkw auf der Weseler Stra\u00dfe die Kontrolle \u00fcber sein Fahrzeug und kollidierte frontal mit einem Stra\u00dfenbaum.<\/p>\r\n\r\n\r\n\r\n<p>Die Einsatzkr\u00e4fte der Feuerwehr sicherten die Einsatzstelle ab und unterst\u00fctzten die Kollegen vom Rettungsdienst bei der Patientenversorgung. Im weiteren Verlauf wurde an dem Unfallfahrzeug die Batterien abgeklemmt und ausgelaufene Betriebsstoffe abgestreut. Der Patient wurde unter Reanimationsbedingungen in ein Krankenhaus gebracht.<\/p>\r\n<p>&nbsp;<\/p>\r\n<div id='gallery-1' class='gallery galleryid-916 gallery-columns-3 gallery-size-large'><figure class='gallery-item'>\n\t\t\t<div class='gallery-icon landscape'>\n\t\t\t\t<a href='https:\/\/www.feuerwehr-sevelen.de\/wp-content\/uploads\/2023\/09\/2023-09-09_B58_01-1.jpg'><img loading=\"lazy\" decoding=\"async\" width=\"640\" height=\"480\" src=\"https:\/\/www.feuerwehr-sevelen.de\/wp-content\/uploads\/2023\/09\/2023-09-09_B58_01-1.jpg\" class=\"attachment-large size-large\" alt=\"\" srcset=\"https:\/\/www.feuerwehr-sevelen.de\/wp-content\/uploads\/2023\/09\/2023-09-09_B58_01-1.jpg 768w, https:\/\/www.feuerwehr-sevelen.de\/wp-content\/uploads\/2023\/09\/2023-09-09_B58_01-1-300x225.jpg 300w\" sizes=\"auto, (max-width: 640px) 100vw, 640px\" \/><\/a>\n\t\t\t<\/div><\/figure><figure class='gallery-item'>\n\t\t\t<div class='gallery-icon landscape'>\n\t\t\t\t<a href='https:\/\/www.feuerwehr-sevelen.de\/wp-content\/uploads\/2023\/09\/2023-09-09_B58_03-1.jpg'><img loading=\"lazy\" decoding=\"async\" width=\"640\" height=\"480\" src=\"https:\/\/www.feuerwehr-sevelen.de\/wp-content\/uploads\/2023\/09\/2023-09-09_B58_03-1.jpg\" class=\"attachment-large size-large\" alt=\"\" srcset=\"https:\/\/www.feuerwehr-sevelen.de\/wp-content\/uploads\/2023\/09\/2023-09-09_B58_03-1.jpg 768w, https:\/\/www.feuerwehr-sevelen.de\/wp-content\/uploads\/2023\/09\/2023-09-09_B58_03-1-300x225.jpg 300w\" sizes=\"auto, (max-width: 640px) 100vw, 640px\" \/><\/a>\n\t\t\t<\/div><\/figure><figure class='gallery-item'>\n\t\t\t<div class='gallery-icon landscape'>\n\t\t\t\t<a href='https:\/\/www.feuerwehr-sevelen.de\/wp-content\/uploads\/2023\/09\/2023-09-09_B58_02-1.jpg'><img loading=\"lazy\" decoding=\"async\" width=\"640\" height=\"480\" src=\"https:\/\/www.feuerwehr-sevelen.de\/wp-content\/uploads\/2023\/09\/2023-09-09_B58_02-1.jpg\" class=\"attachment-large size-large\" alt=\"\" srcset=\"https:\/\/www.feuerwehr-sevelen.de\/wp-content\/uploads\/2023\/09\/2023-09-09_B58_02-1.jpg 768w, https:\/\/www.feuerwehr-sevelen.de\/wp-content\/uploads\/2023\/09\/2023-09-09_B58_02-1-300x225.jpg 300w\" sizes=\"auto, (max-width: 640px) 100vw, 640px\" \/><\/a>\n\t\t\t<\/div><\/figure>\n\t\t<\/div>\n\r\n","protected":false},"excerpt":{"rendered":"<p>Einsatzmeldung: R3 &#8211; Verkehrsunfall Person eingeklemmt Aus bisher nicht ermittelter Ursache verlor der Fahrer eines Pkw auf der Weseler Stra\u00dfe die Kontrolle \u00fcber sein Fahrzeug und kollidierte frontal mit einem Stra\u00dfenbaum. Die Einsatzkr\u00e4fte der Feuerwehr sicherten die Einsatzstelle ab und unterst\u00fctzten die Kollegen vom Rettungsdienst bei der Patientenversorgung. Im weiteren Verlauf wurde an dem Unfallfahrzeug [&hellip;]<\/p>\n","protected":false},"author":1,"featured_media":935,"comment_status":"open","ping_status":"open","sticky":false,"template":"","format":"gallery","meta":{"footnotes":""},"categories":[5,46],"tags":[],"class_list":["post-916","post","type-post","status-publish","format-gallery","has-post-thumbnail","hentry","category-einsaetze","category-einsaetze-2023","post_format-post-format-gallery"],"_links":{"self":[{"href":"https:\/\/www.feuerwehr-sevelen.de\/index.php?rest_route=\/wp\/v2\/posts\/916","targetHints":{"allow":["GET"]}}],"collection":[{"href":"https:\/\/www.feuerwehr-sevelen.de\/index.php?rest_route=\/wp\/v2\/posts"}],"about":[{"href":"https:\/\/www.feuerwehr-sevelen.de\/index.php?rest_route=\/wp\/v2\/types\/post"}],"author":[{"embeddable":true,"href":"https:\/\/www.feuerwehr-sevelen.de\/index.php?rest_route=\/wp\/v2\/users\/1"}],"replies":[{"embeddable":true,"href":"https:\/\/www.feuerwehr-sevelen.de\/index.php?rest_route=%2Fwp%2Fv2%2Fcomments&post=916"}],"version-history":[{"count":13,"href":"https:\/\/www.feuerwehr-sevelen.de\/index.php?rest_route=\/wp\/v2\/posts\/916\/revisions"}],"predecessor-version":[{"id":2004,"href":"https:\/\/www.feuerwehr-sevelen.de\/index.php?rest_route=\/wp\/v2\/posts\/916\/revisions\/2004"}],"wp:featuredmedia":[{"embeddable":true,"href":"https:\/\/www.feuerwehr-sevelen.de\/index.php?rest_route=\/wp\/v2\/media\/935"}],"wp:attachment":[{"href":"https:\/\/www.feuerwehr-sevelen.de\/index.php?rest_route=%2Fwp%2Fv2%2Fmedia&parent=916"}],"wp:term":[{"taxonomy":"category","embeddable":true,"href":"https:\/\/www.feuerwehr-sevelen.de\/index.php?rest_route=%2Fwp%2Fv2%2Fcategories&post=916"},{"taxonomy":"post_tag","embeddable":true,"href":"https:\/\/www.feuerwehr-sevelen.de\/index.php?rest_route=%2Fwp%2Fv2%2Ftags&post=916"}],"curies":[{"name":"wp","href":"https:\/\/api.w.org\/{rel}","templated":true}]}}