{"id":82,"date":"2015-10-21T15:14:09","date_gmt":"2015-10-21T13:14:09","guid":{"rendered":"https:\/\/test.feuerwehr-sevelen.de\/?p=82"},"modified":"2023-09-14T19:50:36","modified_gmt":"2023-09-14T17:50:36","slug":"15aktuelles14-2","status":"publish","type":"post","link":"https:\/\/www.feuerwehr-sevelen.de\/?p=82","title":{"rendered":"Berufsfeuerwehrtag der Jugendfeuerwehr"},"content":{"rendered":"<p><strong>Berufsfeuerwehrtag der Issumer Jugendfeuerwehr am Samstag, den 03.10.2015<\/strong><\/p>\n<p><img loading=\"lazy\" decoding=\"async\" style=\"margin: 10px; border: 0px currentColor; float: left;\" src=\"images\/phocagallery\/Aktuelles\/Aktuelles_15\/Aktuelles_14-Dateien\/IMAG0301.JPG\" alt=\"Auch Sport stand auf dem Programm\" width=\"197\" height=\"131\" \/> Die Betreuer der Issumer Jugendfeuerwehr stellten auch in diesem Jahr wieder einen Berufsfeuerwehrtag auf die Beine. Los ging es schon freitags, wo die Betreuer und die Jugendfeuerwehrmitglieder im Issumer Feuerwehrhaus ihr n\u00e4chtliches Quartier vorbereiteten.<br \/>Im Anschluss fuhren wir mit einem L\u00f6schgruppenfahrzeug (LF) und einem Mannschaftstransportfahrzeug (MTF) in Richtung Kengen. Dort f\u00fchrten die Beteiligten ein Planspiel durch, um f\u00fcr den Berufsfeuerwehrtag bestens ger\u00fcstet zu sein. Nach Beendigung des Planspieles lie\u00df man den Abend bei angenehmen Temperaturen, mit Grillfleisch und Erfrischungsgetr\u00e4nken, ausklingen.<\/p>\n<p>Am Samstag, den 3. Oktober 2015, hie\u00df es dann f\u00fcr 10 Jugendfeuerwehrangeh\u00f6rige f\u00fcr 24 Stunden Dienst zu leisten ohne zu wissen, was sie in dieser Zeit erwartet. Los ging es um 7:30 Uhr mit dem Wecken der Jugendlichen, damit sie p\u00fcnktlich um 8 Uhr ihre 24 Stunden Schicht antreten konnten. Bei einem herzhaften Fr\u00fchst\u00fcck wurde die Fahrzeugeinteilung vorgenommen und der Dienstplan vorgestellt. Nach dem Fr\u00fchst\u00fcck hie\u00df es dann f\u00fcr die Jugendfeuerwehrleute die Fahrzeugbeladung auf Vollst\u00e4ndigkeit und Funktion zu pr\u00fcfen. Ebenso darf die pers\u00f6nliche Schutzausr\u00fcstung (PSA) nicht fehlen oder besch\u00e4digt sein. Bereits aktive Einsatzkr\u00e4fte gaben bei den durchgef\u00fchrten Handlungen immer wieder Tipps und Hinweise. <br \/>Des Weiteren standen Punktetheoretischer Unterricht oder Dienstsport auf dem Tagesdienstplan.<br \/>Insgesamt wurden die Jugendfeuerwehrmitglieder zu sieben Eins\u00e4tzen alarmiert. <img loading=\"lazy\" decoding=\"async\" style=\"margin: 10px; border: 0px currentColor; float: right;\" src=\"images\/phocagallery\/Aktuelles\/Aktuelles_15\/Aktuelles_14-Dateien\/IMAG0378.JPG\" alt=\"Auch Sport stand auf dem Programm\" width=\"197\" height=\"131\" \/>Unter anderem ert\u00f6nte der Gong gegen 17:15 Uhr mit dem Einsatzstichwort \u201e Gro\u00dfbrand\u201c: Beim Eintreffen am Einsatzort brannte ein Brandsimulationscontainer in voller Ausdehnung. Die Einsatzkr\u00e4fte mussten eine Wasserversorgung \u00fcber einen Angelteich aufbauen, w\u00e4hrend der erste Angriffstrupp unter Zuhilfenahme der Schnellangriffsleitung gegen die Flammen ank\u00e4mpfte. Nach gut ein eineinhalb Stunden meldete der Gruppenf\u00fchrer \u201e Feuer aus\u201c. Sichtlich ersch\u00f6pft und stolz auf die geleistete Arbeit r\u00fcckten alle Kr\u00e4fte wieder ein, machten das Fahrzeug und die Ger\u00e4te wieder einsatzbereit und lie\u00dfen den Einsatz beim Abendessen noch einmal Revue passieren.<br \/>Im Verlauf des Tages haben die Jugendlichen den Alltag eines\/-r Berufsfeuerwehrmannes\/ -frau ein St\u00fcck n\u00e4her kennengelernt und auch gesehen, dass Feuerwehr nicht immer nur etwas mit Feuer zu tun hat. So wurden sie auch zu einer \u00d6lspur und einer versch\u00fctteten Person alarmiert.<br \/>Nach einem erlebnisreichen Tag hie\u00df es f\u00fcr die Nachwuchskr\u00e4fte die Nachtruhe zu genie\u00dfen und neue Kraft zu sammeln. Doch auch die Nachtstunden wurden durch das Schallen des Gongs j\u00e4h unterbrochen, mussten die Jugendfeuerwehrangeh\u00f6rigen noch einmal zu Nachl\u00f6scharbeiten zum Einsatzort des Gro\u00dfbrandes ausr\u00fccken.<br \/><img loading=\"lazy\" decoding=\"async\" style=\"margin: 10px; border: 0px currentColor; float: left;\" src=\"images\/phocagallery\/Aktuelles\/Aktuelles_15\/Aktuelles_14-Dateien\/IMAG0406.JPG\" alt=\"Auch Sport stand auf dem Programm\" width=\"197\" height=\"131\" \/> \u201eFeuerwehr ist eben kein Zuckerschlecken!\u201c so der eindeutige Tenor der Jugend.<br \/>Am n\u00e4chsten Morgen nach dem gemeinsamen Fr\u00fchst\u00fcck wurden noch einmal alle Ger\u00e4tschaften gereinigt und \u00fcberpr\u00fcft sowie das Feuerwehrhaus aufger\u00e4umt. Gegen 11 Uhr war dann f\u00fcr die Jugendlichen \u201e Schicht Ende\u201c.<br \/>Alle Beteiligten waren sich einig: Es war ein erfolgreicher Berufsfeuerwehrtag \u2013 anstrengend, aber mit viel Spa\u00df und Freude.<br \/>Die Teilnehmenden der Jugendfeuerwehr Issum bedanken sich bei allen Helferinnen und Helfer sowie bei den motivierten Jugendlichen f\u00fcr diesen erlebnisreichen Tag.<\/p>\n<p><span style=\"text-decoration: underline;\">Weitere Fotos vom\u00a0Berufsfeuerwehrtag der Jugendfeuerwehr finden Sie unter Aktuelles!<\/span><\/p>\n","protected":false},"excerpt":{"rendered":"<p><strong>Berufsfeuerwehrtag der Issumer Jugendfeuerwehr am Samstag, den 03.10.2015<\/strong><\/p>\n<p><img loading=\"lazy\" decoding=\"async\" style=\"margin: 10px; border: 0px currentColor; float: left;\" src=\"images\/phocagallery\/Aktuelles\/Aktuelles_15\/Aktuelles_14-Dateien\/IMAG0301.JPG\" alt=\"Auch Sport stand auf dem Programm\" width=\"197\" height=\"131\" \/> Die Betreuer der Issumer Jugendfeuerwehr stellten auch in diesem Jahr wieder einen Berufsfeuerwehrtag auf die Beine. Los ging es schon freitags, wo die Betreuer und die Jugendfeuerwehrmitglieder im Issumer Feuerwehrhaus ihr n\u00e4chtliches Quartier vorbereiteten.<br \/>Im Anschluss fuhren wir mit einem L\u00f6schgruppenfahrzeug (LF) und einem Mannschaftstransportfahrzeug (MTF) in Richtung Kengen. Dort f\u00fchrten die Beteiligten ein Planspiel durch, um f\u00fcr den Berufsfeuerwehrtag bestens ger\u00fcstet zu sein. Nach Beendigung des Planspieles lie\u00df man den Abend bei angenehmen Temperaturen, mit Grillfleisch und Erfrischungsgetr\u00e4nken, ausklingen.<\/p>\n","protected":false},"author":3,"featured_media":0,"comment_status":"open","ping_status":"open","sticky":false,"template":"","format":"standard","meta":{"footnotes":""},"categories":[6,26],"tags":[],"class_list":["post-82","post","type-post","status-publish","format-standard","hentry","category-aktuelles","category-aktuelles-2016"],"_links":{"self":[{"href":"https:\/\/www.feuerwehr-sevelen.de\/index.php?rest_route=\/wp\/v2\/posts\/82","targetHints":{"allow":["GET"]}}],"collection":[{"href":"https:\/\/www.feuerwehr-sevelen.de\/index.php?rest_route=\/wp\/v2\/posts"}],"about":[{"href":"https:\/\/www.feuerwehr-sevelen.de\/index.php?rest_route=\/wp\/v2\/types\/post"}],"author":[{"embeddable":true,"href":"https:\/\/www.feuerwehr-sevelen.de\/index.php?rest_route=\/wp\/v2\/users\/3"}],"replies":[{"embeddable":true,"href":"https:\/\/www.feuerwehr-sevelen.de\/index.php?rest_route=%2Fwp%2Fv2%2Fcomments&post=82"}],"version-history":[{"count":1,"href":"https:\/\/www.feuerwehr-sevelen.de\/index.php?rest_route=\/wp\/v2\/posts\/82\/revisions"}],"predecessor-version":[{"id":1327,"href":"https:\/\/www.feuerwehr-sevelen.de\/index.php?rest_route=\/wp\/v2\/posts\/82\/revisions\/1327"}],"wp:attachment":[{"href":"https:\/\/www.feuerwehr-sevelen.de\/index.php?rest_route=%2Fwp%2Fv2%2Fmedia&parent=82"}],"wp:term":[{"taxonomy":"category","embeddable":true,"href":"https:\/\/www.feuerwehr-sevelen.de\/index.php?rest_route=%2Fwp%2Fv2%2Fcategories&post=82"},{"taxonomy":"post_tag","embeddable":true,"href":"https:\/\/www.feuerwehr-sevelen.de\/index.php?rest_route=%2Fwp%2Fv2%2Ftags&post=82"}],"curies":[{"name":"wp","href":"https:\/\/api.w.org\/{rel}","templated":true}]}}