{"id":658,"date":"2023-09-07T17:51:17","date_gmt":"2023-09-07T15:51:17","guid":{"rendered":"https:\/\/test.feuerwehr-sevelen.de\/?p=658"},"modified":"2023-09-13T12:52:08","modified_gmt":"2023-09-13T10:52:08","slug":"einsatzinformation-27-08-2023-1637-uhr","status":"publish","type":"post","link":"https:\/\/www.feuerwehr-sevelen.de\/?p=658","title":{"rendered":"Einsatzinfo 27.08.2023 ++ 16:37 Uhr"},"content":{"rendered":"\n<p>Einsatzmeldung: C2 &#8211; Gew\u00e4sserverschmutzung<\/p>\n\n\n\n<p><a><\/a>Durch einen Regenwasserkanal gelangte ausgetretenes \u00d6l aus einem Pkw im Bereich der Kapellener Stra\u00dfe in die Fleuth.<\/p>\n\n\n\n<p>Die Einsatzkr\u00e4fte der Feuerwehr errichteten \u00d6lbarrieren auf dem Gew\u00e4sser und bindete das \u00d6l mit entsprechendem Bindemittel auf \u00f6kologischer Basis. Parallel dazu wurden weitere Regenwasserkan\u00e4le im Umfeld kontrolliert.<\/p>\n\n\n\n<p>Durch die nachalarmierte untere Wasserbeh\u00f6rde wurden weitere Ma\u00dfnahmen veranlasst.<\/p>\n\n\n\n<figure class=\"wp-block-gallery has-nested-images columns-default is-cropped wp-block-gallery-1 is-layout-flex wp-block-gallery-is-layout-flex\">\n<figure class=\"wp-block-image size-large\"><img loading=\"lazy\" decoding=\"async\" width=\"1000\" height=\"753\" data-id=\"659\" src=\"https:\/\/test.feuerwehr-sevelen.de\/wp-content\/uploads\/2023\/09\/2023-08-27_Oel-auf-Fleuth_-01.jpg\" alt=\"\" class=\"wp-image-659\" srcset=\"https:\/\/www.feuerwehr-sevelen.de\/wp-content\/uploads\/2023\/09\/2023-08-27_Oel-auf-Fleuth_-01.jpg 1000w, https:\/\/www.feuerwehr-sevelen.de\/wp-content\/uploads\/2023\/09\/2023-08-27_Oel-auf-Fleuth_-01-300x226.jpg 300w, https:\/\/www.feuerwehr-sevelen.de\/wp-content\/uploads\/2023\/09\/2023-08-27_Oel-auf-Fleuth_-01-768x578.jpg 768w\" sizes=\"auto, (max-width: 1000px) 100vw, 1000px\" \/><\/figure>\n\n\n\n<figure class=\"wp-block-image size-large\"><img loading=\"lazy\" decoding=\"async\" width=\"1000\" height=\"751\" data-id=\"661\" src=\"https:\/\/test.feuerwehr-sevelen.de\/wp-content\/uploads\/2023\/09\/2023-08-27_Oel-auf-Fleuth_-02.jpg\" alt=\"\" class=\"wp-image-661\" srcset=\"https:\/\/www.feuerwehr-sevelen.de\/wp-content\/uploads\/2023\/09\/2023-08-27_Oel-auf-Fleuth_-02.jpg 1000w, https:\/\/www.feuerwehr-sevelen.de\/wp-content\/uploads\/2023\/09\/2023-08-27_Oel-auf-Fleuth_-02-300x225.jpg 300w, https:\/\/www.feuerwehr-sevelen.de\/wp-content\/uploads\/2023\/09\/2023-08-27_Oel-auf-Fleuth_-02-768x577.jpg 768w\" sizes=\"auto, (max-width: 1000px) 100vw, 1000px\" \/><\/figure>\n\n\n\n<figure class=\"wp-block-image size-large\"><img loading=\"lazy\" decoding=\"async\" width=\"1000\" height=\"751\" data-id=\"660\" src=\"https:\/\/test.feuerwehr-sevelen.de\/wp-content\/uploads\/2023\/09\/2023-08-27_Oel-auf-Fleuth_-03.jpg\" alt=\"\" class=\"wp-image-660\" srcset=\"https:\/\/www.feuerwehr-sevelen.de\/wp-content\/uploads\/2023\/09\/2023-08-27_Oel-auf-Fleuth_-03.jpg 1000w, https:\/\/www.feuerwehr-sevelen.de\/wp-content\/uploads\/2023\/09\/2023-08-27_Oel-auf-Fleuth_-03-300x225.jpg 300w, https:\/\/www.feuerwehr-sevelen.de\/wp-content\/uploads\/2023\/09\/2023-08-27_Oel-auf-Fleuth_-03-768x577.jpg 768w\" sizes=\"auto, (max-width: 1000px) 100vw, 1000px\" \/><\/figure>\n<\/figure>\n","protected":false},"excerpt":{"rendered":"<p>Einsatzmeldung: C2 &#8211; Gew\u00e4sserverschmutzung Durch einen Regenwasserkanal gelangte ausgetretenes \u00d6l aus einem Pkw im Bereich der Kapellener Stra\u00dfe in die Fleuth. Die Einsatzkr\u00e4fte der Feuerwehr errichteten \u00d6lbarrieren auf dem Gew\u00e4sser und bindete das \u00d6l mit entsprechendem Bindemittel auf \u00f6kologischer Basis. Parallel dazu wurden weitere Regenwasserkan\u00e4le im Umfeld kontrolliert. Durch die nachalarmierte untere Wasserbeh\u00f6rde wurden weitere [&hellip;]<\/p>\n","protected":false},"author":1,"featured_media":659,"comment_status":"open","ping_status":"open","sticky":false,"template":"","format":"standard","meta":{"footnotes":""},"categories":[5,46],"tags":[],"class_list":["post-658","post","type-post","status-publish","format-standard","has-post-thumbnail","hentry","category-einsaetze","category-einsaetze-2023"],"_links":{"self":[{"href":"https:\/\/www.feuerwehr-sevelen.de\/index.php?rest_route=\/wp\/v2\/posts\/658","targetHints":{"allow":["GET"]}}],"collection":[{"href":"https:\/\/www.feuerwehr-sevelen.de\/index.php?rest_route=\/wp\/v2\/posts"}],"about":[{"href":"https:\/\/www.feuerwehr-sevelen.de\/index.php?rest_route=\/wp\/v2\/types\/post"}],"author":[{"embeddable":true,"href":"https:\/\/www.feuerwehr-sevelen.de\/index.php?rest_route=\/wp\/v2\/users\/1"}],"replies":[{"embeddable":true,"href":"https:\/\/www.feuerwehr-sevelen.de\/index.php?rest_route=%2Fwp%2Fv2%2Fcomments&post=658"}],"version-history":[{"count":2,"href":"https:\/\/www.feuerwehr-sevelen.de\/index.php?rest_route=\/wp\/v2\/posts\/658\/revisions"}],"predecessor-version":[{"id":846,"href":"https:\/\/www.feuerwehr-sevelen.de\/index.php?rest_route=\/wp\/v2\/posts\/658\/revisions\/846"}],"wp:featuredmedia":[{"embeddable":true,"href":"https:\/\/www.feuerwehr-sevelen.de\/index.php?rest_route=\/wp\/v2\/media\/659"}],"wp:attachment":[{"href":"https:\/\/www.feuerwehr-sevelen.de\/index.php?rest_route=%2Fwp%2Fv2%2Fmedia&parent=658"}],"wp:term":[{"taxonomy":"category","embeddable":true,"href":"https:\/\/www.feuerwehr-sevelen.de\/index.php?rest_route=%2Fwp%2Fv2%2Fcategories&post=658"},{"taxonomy":"post_tag","embeddable":true,"href":"https:\/\/www.feuerwehr-sevelen.de\/index.php?rest_route=%2Fwp%2Fv2%2Ftags&post=658"}],"curies":[{"name":"wp","href":"https:\/\/api.w.org\/{rel}","templated":true}]}}