{"id":2875,"date":"2026-05-02T07:00:22","date_gmt":"2026-05-02T05:00:22","guid":{"rendered":"https:\/\/www.feuerwehr-sevelen.de\/?p=2875"},"modified":"2026-05-02T07:00:22","modified_gmt":"2026-05-02T05:00:22","slug":"einsatzinfo-29-04-2026-0514-uhr","status":"publish","type":"post","link":"https:\/\/www.feuerwehr-sevelen.de\/?p=2875","title":{"rendered":"Einsatzinfo\u00a029.04.2026 ++ 05:14 Uhr"},"content":{"rendered":"<p>Einsatzmeldung: B2 &#8211; Waldbrand<\/p>\n<p>Am fr\u00fchen Mittwochmorgen gerieten aus bislang ungekl\u00e4rter Ursache rund 100 m\u00b2 Waldboden am Koetherdyck in Brand. Beim Eintreffen der Einsatzkr\u00e4fte wurde umgehend mit mehreren Strahlrohren die Brandbek\u00e4mpfung eingeleitet. Zus\u00e4tzlich wurde die umliegende Fl\u00e4che intensiv gew\u00e4ssert, um ein Wiederaufflammen sowie eine weitere Ausbreitung zu verhindern. Wertvolle Hilfe leistete das beschaffte Material, welches speziell f\u00fcr die Wald- und Vegetationsbrandbek\u00e4mpfung angeschafft wurde.<br \/>\nDank des schnellen und koordinierten Eingreifens der Feuerwehr konnte das Feuer z\u00fcgig unter Kontrolle gebracht und gr\u00f6\u00dferer Schaden verhindert werden.<br \/>\nAufgrund der anhaltenden Trockenheit weisen wir ausdr\u00fccklich auf die derzeit erh\u00f6hte Waldbrandgefahr hin. Bereits kleine Unachtsamkeiten k\u00f6nnen schwerwiegende Folgen haben.<br \/>\nBitte beachten Sie daher:<br \/>\n&#8211; Entz\u00fcnden Sie kein offenes Feuer im Wald oder in Waldn\u00e4he<br \/>\n&#8211; Werfen Sie keine Zigaretten oder andere gl\u00fchende Gegenst\u00e4nde weg<br \/>\n&#8211; Nutzen Sie nur ausgewiesene Grillpl\u00e4tze<br \/>\n&#8211; Halten Sie Zufahrtswege f\u00fcr Einsatzfahrzeuge frei<br \/>\nIm Notfall w\u00e4hlen Sie umgehend den Notruf 112.<\/p>\n<p><img loading=\"lazy\" decoding=\"async\" class=\"alignnone size-full wp-image-2876\" src=\"https:\/\/www.feuerwehr-sevelen.de\/wp-content\/uploads\/2026\/05\/IMG_5540.jpeg\" alt=\"\" width=\"960\" height=\"719\" srcset=\"https:\/\/www.feuerwehr-sevelen.de\/wp-content\/uploads\/2026\/05\/IMG_5540.jpeg 960w, https:\/\/www.feuerwehr-sevelen.de\/wp-content\/uploads\/2026\/05\/IMG_5540-300x225.jpeg 300w, https:\/\/www.feuerwehr-sevelen.de\/wp-content\/uploads\/2026\/05\/IMG_5540-768x575.jpeg 768w\" sizes=\"auto, (max-width: 960px) 100vw, 960px\" \/> <img loading=\"lazy\" decoding=\"async\" class=\"alignnone size-large wp-image-2877\" src=\"https:\/\/www.feuerwehr-sevelen.de\/wp-content\/uploads\/2026\/05\/IMG_5539.jpeg\" alt=\"\" width=\"640\" height=\"481\" srcset=\"https:\/\/www.feuerwehr-sevelen.de\/wp-content\/uploads\/2026\/05\/IMG_5539.jpeg 720w, https:\/\/www.feuerwehr-sevelen.de\/wp-content\/uploads\/2026\/05\/IMG_5539-300x225.jpeg 300w\" sizes=\"auto, (max-width: 640px) 100vw, 640px\" \/> <img loading=\"lazy\" decoding=\"async\" class=\"alignnone size-large wp-image-2878\" src=\"https:\/\/www.feuerwehr-sevelen.de\/wp-content\/uploads\/2026\/05\/IMG_5538.jpeg\" alt=\"\" width=\"640\" height=\"480\" srcset=\"https:\/\/www.feuerwehr-sevelen.de\/wp-content\/uploads\/2026\/05\/IMG_5538.jpeg 720w, https:\/\/www.feuerwehr-sevelen.de\/wp-content\/uploads\/2026\/05\/IMG_5538-300x225.jpeg 300w\" sizes=\"auto, (max-width: 640px) 100vw, 640px\" \/><\/p>\n","protected":false},"excerpt":{"rendered":"<p>Einsatzmeldung: B2 &#8211; Waldbrand Am fr\u00fchen Mittwochmorgen gerieten aus bislang ungekl\u00e4rter Ursache rund 100 m\u00b2 Waldboden am Koetherdyck in Brand. Beim Eintreffen der Einsatzkr\u00e4fte wurde umgehend mit mehreren Strahlrohren die Brandbek\u00e4mpfung eingeleitet. Zus\u00e4tzlich wurde die umliegende Fl\u00e4che intensiv gew\u00e4ssert, um ein Wiederaufflammen sowie eine weitere Ausbreitung zu verhindern. Wertvolle Hilfe leistete das beschaffte Material, welches [&hellip;]<\/p>\n","protected":false},"author":3,"featured_media":2877,"comment_status":"open","ping_status":"open","sticky":false,"template":"","format":"standard","meta":{"footnotes":""},"categories":[98,5],"tags":[],"class_list":["post-2875","post","type-post","status-publish","format-standard","has-post-thumbnail","hentry","category-einsaetze-2026","category-einsaetze"],"_links":{"self":[{"href":"https:\/\/www.feuerwehr-sevelen.de\/index.php?rest_route=\/wp\/v2\/posts\/2875","targetHints":{"allow":["GET"]}}],"collection":[{"href":"https:\/\/www.feuerwehr-sevelen.de\/index.php?rest_route=\/wp\/v2\/posts"}],"about":[{"href":"https:\/\/www.feuerwehr-sevelen.de\/index.php?rest_route=\/wp\/v2\/types\/post"}],"author":[{"embeddable":true,"href":"https:\/\/www.feuerwehr-sevelen.de\/index.php?rest_route=\/wp\/v2\/users\/3"}],"replies":[{"embeddable":true,"href":"https:\/\/www.feuerwehr-sevelen.de\/index.php?rest_route=%2Fwp%2Fv2%2Fcomments&post=2875"}],"version-history":[{"count":1,"href":"https:\/\/www.feuerwehr-sevelen.de\/index.php?rest_route=\/wp\/v2\/posts\/2875\/revisions"}],"predecessor-version":[{"id":2879,"href":"https:\/\/www.feuerwehr-sevelen.de\/index.php?rest_route=\/wp\/v2\/posts\/2875\/revisions\/2879"}],"wp:featuredmedia":[{"embeddable":true,"href":"https:\/\/www.feuerwehr-sevelen.de\/index.php?rest_route=\/wp\/v2\/media\/2877"}],"wp:attachment":[{"href":"https:\/\/www.feuerwehr-sevelen.de\/index.php?rest_route=%2Fwp%2Fv2%2Fmedia&parent=2875"}],"wp:term":[{"taxonomy":"category","embeddable":true,"href":"https:\/\/www.feuerwehr-sevelen.de\/index.php?rest_route=%2Fwp%2Fv2%2Fcategories&post=2875"},{"taxonomy":"post_tag","embeddable":true,"href":"https:\/\/www.feuerwehr-sevelen.de\/index.php?rest_route=%2Fwp%2Fv2%2Ftags&post=2875"}],"curies":[{"name":"wp","href":"https:\/\/api.w.org\/{rel}","templated":true}]}}