{"id":2812,"date":"2026-03-02T15:45:25","date_gmt":"2026-03-02T14:45:25","guid":{"rendered":"https:\/\/www.feuerwehr-sevelen.de\/?p=2812"},"modified":"2026-03-02T15:45:25","modified_gmt":"2026-03-02T14:45:25","slug":"karneval-kameradschaft-karren-power","status":"publish","type":"post","link":"https:\/\/www.feuerwehr-sevelen.de\/?p=2812","title":{"rendered":"Karneval, Kameradschaft &#038; Karren-Power!"},"content":{"rendered":"<p>Am heutigen Karnevalssamstag (14.02.2026) hie\u00df es f\u00fcr einige Kameraden des L\u00f6schzugs Sevelen wieder: Ran an den Schiebkarren!<br \/>\nBeim traditionellen Schiebkarrenrennen ging es mit viel Humor, Muskelkraft und jeder Menge Kreativit\u00e4t durch den Umzug. Zwischen fantasievoll selbstgebauten Wagen, verr\u00fcckten Kost\u00fcmen und bester Stimmung fand der n\u00e4rrische Tross schlie\u00dflich sein Ziel auf dem Kirchplatz, wo die Veranstalter die besten Fu\u00dfgruppen pr\u00e4mierten.<br \/>\nUnd was sollen wir sagen?<br \/>\nMission erfolgreich!<br \/>\nWie schon in den vergangenen Jahren konnte der L\u00f6schzug Sevelen an seine Erfolge ankn\u00fcpfen und sich den 2. Platz bei den Spielen sichern!<br \/>\nHerzlichen Gl\u00fcckwunsch an alle Beteiligten \u2013 starke Leistung!<br \/>\nGenie\u00dft noch ein paar sch\u00f6ne, n\u00e4rrische Stunden unter Freunden in Sevelen mit einem dreifachen Helau!<\/p>\n<p><img loading=\"lazy\" decoding=\"async\" class=\"alignnone size-full wp-image-2814\" src=\"https:\/\/www.feuerwehr-sevelen.de\/wp-content\/uploads\/2026\/03\/IMG_5344.jpeg\" alt=\"\" width=\"960\" height=\"720\" srcset=\"https:\/\/www.feuerwehr-sevelen.de\/wp-content\/uploads\/2026\/03\/IMG_5344.jpeg 960w, https:\/\/www.feuerwehr-sevelen.de\/wp-content\/uploads\/2026\/03\/IMG_5344-300x225.jpeg 300w, https:\/\/www.feuerwehr-sevelen.de\/wp-content\/uploads\/2026\/03\/IMG_5344-768x576.jpeg 768w\" sizes=\"auto, (max-width: 960px) 100vw, 960px\" \/> <img loading=\"lazy\" decoding=\"async\" class=\"alignnone size-large wp-image-2815\" src=\"https:\/\/www.feuerwehr-sevelen.de\/wp-content\/uploads\/2026\/03\/IMG_5343.jpeg\" alt=\"\" width=\"640\" height=\"480\" srcset=\"https:\/\/www.feuerwehr-sevelen.de\/wp-content\/uploads\/2026\/03\/IMG_5343.jpeg 960w, https:\/\/www.feuerwehr-sevelen.de\/wp-content\/uploads\/2026\/03\/IMG_5343-300x225.jpeg 300w, https:\/\/www.feuerwehr-sevelen.de\/wp-content\/uploads\/2026\/03\/IMG_5343-768x576.jpeg 768w\" sizes=\"auto, (max-width: 640px) 100vw, 640px\" \/><\/p>\n","protected":false},"excerpt":{"rendered":"<p>Am heutigen Karnevalssamstag (14.02.2026) hie\u00df es f\u00fcr einige Kameraden des L\u00f6schzugs Sevelen wieder: Ran an den Schiebkarren! Beim traditionellen Schiebkarrenrennen ging es mit viel Humor, Muskelkraft und jeder Menge Kreativit\u00e4t durch den Umzug. Zwischen fantasievoll selbstgebauten Wagen, verr\u00fcckten Kost\u00fcmen und bester Stimmung fand der n\u00e4rrische Tross schlie\u00dflich sein Ziel auf dem Kirchplatz, wo die Veranstalter [&hellip;]<\/p>\n","protected":false},"author":3,"featured_media":2814,"comment_status":"open","ping_status":"open","sticky":false,"template":"","format":"standard","meta":{"footnotes":""},"categories":[99,6],"tags":[],"class_list":["post-2812","post","type-post","status-publish","format-standard","has-post-thumbnail","hentry","category-aktuelles-2026","category-aktuelles"],"_links":{"self":[{"href":"https:\/\/www.feuerwehr-sevelen.de\/index.php?rest_route=\/wp\/v2\/posts\/2812","targetHints":{"allow":["GET"]}}],"collection":[{"href":"https:\/\/www.feuerwehr-sevelen.de\/index.php?rest_route=\/wp\/v2\/posts"}],"about":[{"href":"https:\/\/www.feuerwehr-sevelen.de\/index.php?rest_route=\/wp\/v2\/types\/post"}],"author":[{"embeddable":true,"href":"https:\/\/www.feuerwehr-sevelen.de\/index.php?rest_route=\/wp\/v2\/users\/3"}],"replies":[{"embeddable":true,"href":"https:\/\/www.feuerwehr-sevelen.de\/index.php?rest_route=%2Fwp%2Fv2%2Fcomments&post=2812"}],"version-history":[{"count":1,"href":"https:\/\/www.feuerwehr-sevelen.de\/index.php?rest_route=\/wp\/v2\/posts\/2812\/revisions"}],"predecessor-version":[{"id":2816,"href":"https:\/\/www.feuerwehr-sevelen.de\/index.php?rest_route=\/wp\/v2\/posts\/2812\/revisions\/2816"}],"wp:featuredmedia":[{"embeddable":true,"href":"https:\/\/www.feuerwehr-sevelen.de\/index.php?rest_route=\/wp\/v2\/media\/2814"}],"wp:attachment":[{"href":"https:\/\/www.feuerwehr-sevelen.de\/index.php?rest_route=%2Fwp%2Fv2%2Fmedia&parent=2812"}],"wp:term":[{"taxonomy":"category","embeddable":true,"href":"https:\/\/www.feuerwehr-sevelen.de\/index.php?rest_route=%2Fwp%2Fv2%2Fcategories&post=2812"},{"taxonomy":"post_tag","embeddable":true,"href":"https:\/\/www.feuerwehr-sevelen.de\/index.php?rest_route=%2Fwp%2Fv2%2Ftags&post=2812"}],"curies":[{"name":"wp","href":"https:\/\/api.w.org\/{rel}","templated":true}]}}