{"id":2573,"date":"2025-06-01T08:09:16","date_gmt":"2025-06-01T06:09:16","guid":{"rendered":"https:\/\/www.feuerwehr-sevelen.de\/?p=2573"},"modified":"2025-06-01T08:09:16","modified_gmt":"2025-06-01T06:09:16","slug":"einsatzinfo-29-05-2025-1951-uhr","status":"publish","type":"post","link":"https:\/\/www.feuerwehr-sevelen.de\/?p=2573","title":{"rendered":"Einsatzinfo\u00a029.05.2025 ++ 19:51 Uhr"},"content":{"rendered":"<p>Einsatzmeldung: K5 &#8211; Tragehilfe<br class=\"html-br\" \/>Zur Unterst\u00fctzung des Rettungsdienstes als Tragehilfe wurden die Angeh\u00f6rigen der Freiwilligen Feuerwehr zur Stra\u00dfe Am Smeytshof nachalarmiert. Gemeinsam wurde der Patient \u00fcber eine schmale Treppe in den Rettungswagen verbracht, bevor er zur weiteren Behandlung einem Krankenhaus zugef\u00fchrt wurde.<\/p>\n<p><img loading=\"lazy\" decoding=\"async\" class=\"alignnone size-large wp-image-2574\" src=\"https:\/\/www.feuerwehr-sevelen.de\/wp-content\/uploads\/2025\/06\/IMG_4878-1024x1024.jpeg\" alt=\"\" width=\"640\" height=\"640\" srcset=\"https:\/\/www.feuerwehr-sevelen.de\/wp-content\/uploads\/2025\/06\/IMG_4878-1024x1024.jpeg 1024w, https:\/\/www.feuerwehr-sevelen.de\/wp-content\/uploads\/2025\/06\/IMG_4878-300x300.jpeg 300w, https:\/\/www.feuerwehr-sevelen.de\/wp-content\/uploads\/2025\/06\/IMG_4878-150x150.jpeg 150w, https:\/\/www.feuerwehr-sevelen.de\/wp-content\/uploads\/2025\/06\/IMG_4878-768x768.jpeg 768w, https:\/\/www.feuerwehr-sevelen.de\/wp-content\/uploads\/2025\/06\/IMG_4878.jpeg 1440w\" sizes=\"auto, (max-width: 640px) 100vw, 640px\" \/><\/p>\n","protected":false},"excerpt":{"rendered":"<p>Einsatzmeldung: K5 &#8211; TragehilfeZur Unterst\u00fctzung des Rettungsdienstes als Tragehilfe wurden die Angeh\u00f6rigen der Freiwilligen Feuerwehr zur Stra\u00dfe Am Smeytshof nachalarmiert. Gemeinsam wurde der Patient \u00fcber eine schmale Treppe in den Rettungswagen verbracht, bevor er zur weiteren Behandlung einem Krankenhaus zugef\u00fchrt wurde.<\/p>\n","protected":false},"author":3,"featured_media":2574,"comment_status":"open","ping_status":"open","sticky":false,"template":"","format":"standard","meta":{"footnotes":""},"categories":[5,55],"tags":[],"class_list":["post-2573","post","type-post","status-publish","format-standard","has-post-thumbnail","hentry","category-einsaetze","category-einsaetze-2025"],"_links":{"self":[{"href":"https:\/\/www.feuerwehr-sevelen.de\/index.php?rest_route=\/wp\/v2\/posts\/2573","targetHints":{"allow":["GET"]}}],"collection":[{"href":"https:\/\/www.feuerwehr-sevelen.de\/index.php?rest_route=\/wp\/v2\/posts"}],"about":[{"href":"https:\/\/www.feuerwehr-sevelen.de\/index.php?rest_route=\/wp\/v2\/types\/post"}],"author":[{"embeddable":true,"href":"https:\/\/www.feuerwehr-sevelen.de\/index.php?rest_route=\/wp\/v2\/users\/3"}],"replies":[{"embeddable":true,"href":"https:\/\/www.feuerwehr-sevelen.de\/index.php?rest_route=%2Fwp%2Fv2%2Fcomments&post=2573"}],"version-history":[{"count":1,"href":"https:\/\/www.feuerwehr-sevelen.de\/index.php?rest_route=\/wp\/v2\/posts\/2573\/revisions"}],"predecessor-version":[{"id":2575,"href":"https:\/\/www.feuerwehr-sevelen.de\/index.php?rest_route=\/wp\/v2\/posts\/2573\/revisions\/2575"}],"wp:featuredmedia":[{"embeddable":true,"href":"https:\/\/www.feuerwehr-sevelen.de\/index.php?rest_route=\/wp\/v2\/media\/2574"}],"wp:attachment":[{"href":"https:\/\/www.feuerwehr-sevelen.de\/index.php?rest_route=%2Fwp%2Fv2%2Fmedia&parent=2573"}],"wp:term":[{"taxonomy":"category","embeddable":true,"href":"https:\/\/www.feuerwehr-sevelen.de\/index.php?rest_route=%2Fwp%2Fv2%2Fcategories&post=2573"},{"taxonomy":"post_tag","embeddable":true,"href":"https:\/\/www.feuerwehr-sevelen.de\/index.php?rest_route=%2Fwp%2Fv2%2Ftags&post=2573"}],"curies":[{"name":"wp","href":"https:\/\/api.w.org\/{rel}","templated":true}]}}