{"id":2377,"date":"2025-01-10T14:50:30","date_gmt":"2025-01-10T13:50:30","guid":{"rendered":"https:\/\/www.feuerwehr-sevelen.de\/?p=2377"},"modified":"2025-01-10T14:53:09","modified_gmt":"2025-01-10T13:53:09","slug":"einsatzinfo-02-01-2025-1139-uhr","status":"publish","type":"post","link":"https:\/\/www.feuerwehr-sevelen.de\/?p=2377","title":{"rendered":"Einsatzinfo\u00a002.01.2025 ++ 11:39 Uhr"},"content":{"rendered":"<div class=\"xdj266r x11i5rnm xat24cr x1mh8g0r x1vvkbs x126k92a\">\n<div dir=\"auto\">Einsatzmeldung: H1 &#8211; Hilfeleistung<\/div>\n<\/div>\n<div class=\"x11i5rnm xat24cr x1mh8g0r x1vvkbs xtlvy1s x126k92a\">\n<div dir=\"auto\">Eine umgewehte Pappel versperre einen Wanderweg am Kemper Steg. Da sich die Krone in einen anderen Baum aufh\u00e4ngte, sperrten die Einsatzkr\u00e4fte der Feuerwehr den Wanderweg ab und \u00fcbergaben die Einsatzstelle den Kollegen vom Bauhof, die unter Zuhilfenahme einer Hubarbeitsb\u00fchne die Gefahrenstelle beseitigen.<\/div>\n<div dir=\"auto\"><img loading=\"lazy\" decoding=\"async\" class=\"alignnone size-full wp-image-2378\" src=\"https:\/\/www.feuerwehr-sevelen.de\/wp-content\/uploads\/2025\/01\/IMG_4518.jpeg\" alt=\"\" width=\"1440\" height=\"1081\" srcset=\"https:\/\/www.feuerwehr-sevelen.de\/wp-content\/uploads\/2025\/01\/IMG_4518.jpeg 1440w, https:\/\/www.feuerwehr-sevelen.de\/wp-content\/uploads\/2025\/01\/IMG_4518-300x225.jpeg 300w, https:\/\/www.feuerwehr-sevelen.de\/wp-content\/uploads\/2025\/01\/IMG_4518-1024x769.jpeg 1024w, https:\/\/www.feuerwehr-sevelen.de\/wp-content\/uploads\/2025\/01\/IMG_4518-768x577.jpeg 768w\" sizes=\"auto, (max-width: 1440px) 100vw, 1440px\" \/> <img loading=\"lazy\" decoding=\"async\" class=\"alignnone size-full wp-image-2379\" src=\"https:\/\/www.feuerwehr-sevelen.de\/wp-content\/uploads\/2025\/01\/IMG_4517.jpeg\" alt=\"\" width=\"1440\" height=\"1081\" srcset=\"https:\/\/www.feuerwehr-sevelen.de\/wp-content\/uploads\/2025\/01\/IMG_4517.jpeg 1440w, https:\/\/www.feuerwehr-sevelen.de\/wp-content\/uploads\/2025\/01\/IMG_4517-300x225.jpeg 300w, https:\/\/www.feuerwehr-sevelen.de\/wp-content\/uploads\/2025\/01\/IMG_4517-1024x769.jpeg 1024w, https:\/\/www.feuerwehr-sevelen.de\/wp-content\/uploads\/2025\/01\/IMG_4517-768x577.jpeg 768w\" sizes=\"auto, (max-width: 1440px) 100vw, 1440px\" \/><\/div>\n<\/div>\n","protected":false},"excerpt":{"rendered":"<p>Einsatzmeldung: H1 &#8211; Hilfeleistung Eine umgewehte Pappel versperre einen Wanderweg am Kemper Steg. Da sich die Krone in einen anderen Baum aufh\u00e4ngte, sperrten die Einsatzkr\u00e4fte der Feuerwehr den Wanderweg ab und \u00fcbergaben die Einsatzstelle den Kollegen vom Bauhof, die unter Zuhilfenahme einer Hubarbeitsb\u00fchne die Gefahrenstelle beseitigen.<\/p>\n","protected":false},"author":3,"featured_media":2378,"comment_status":"open","ping_status":"open","sticky":false,"template":"","format":"standard","meta":{"footnotes":""},"categories":[5,55],"tags":[],"class_list":["post-2377","post","type-post","status-publish","format-standard","has-post-thumbnail","hentry","category-einsaetze","category-einsaetze-2025"],"_links":{"self":[{"href":"https:\/\/www.feuerwehr-sevelen.de\/index.php?rest_route=\/wp\/v2\/posts\/2377","targetHints":{"allow":["GET"]}}],"collection":[{"href":"https:\/\/www.feuerwehr-sevelen.de\/index.php?rest_route=\/wp\/v2\/posts"}],"about":[{"href":"https:\/\/www.feuerwehr-sevelen.de\/index.php?rest_route=\/wp\/v2\/types\/post"}],"author":[{"embeddable":true,"href":"https:\/\/www.feuerwehr-sevelen.de\/index.php?rest_route=\/wp\/v2\/users\/3"}],"replies":[{"embeddable":true,"href":"https:\/\/www.feuerwehr-sevelen.de\/index.php?rest_route=%2Fwp%2Fv2%2Fcomments&post=2377"}],"version-history":[{"count":1,"href":"https:\/\/www.feuerwehr-sevelen.de\/index.php?rest_route=\/wp\/v2\/posts\/2377\/revisions"}],"predecessor-version":[{"id":2380,"href":"https:\/\/www.feuerwehr-sevelen.de\/index.php?rest_route=\/wp\/v2\/posts\/2377\/revisions\/2380"}],"wp:featuredmedia":[{"embeddable":true,"href":"https:\/\/www.feuerwehr-sevelen.de\/index.php?rest_route=\/wp\/v2\/media\/2378"}],"wp:attachment":[{"href":"https:\/\/www.feuerwehr-sevelen.de\/index.php?rest_route=%2Fwp%2Fv2%2Fmedia&parent=2377"}],"wp:term":[{"taxonomy":"category","embeddable":true,"href":"https:\/\/www.feuerwehr-sevelen.de\/index.php?rest_route=%2Fwp%2Fv2%2Fcategories&post=2377"},{"taxonomy":"post_tag","embeddable":true,"href":"https:\/\/www.feuerwehr-sevelen.de\/index.php?rest_route=%2Fwp%2Fv2%2Ftags&post=2377"}],"curies":[{"name":"wp","href":"https:\/\/api.w.org\/{rel}","templated":true}]}}