{"id":2358,"date":"2024-12-13T14:58:54","date_gmt":"2024-12-13T13:58:54","guid":{"rendered":"https:\/\/www.feuerwehr-sevelen.de\/?p=2358"},"modified":"2024-12-13T14:58:54","modified_gmt":"2024-12-13T13:58:54","slug":"einsatzinfo-28-11-2024-0638-uhr","status":"publish","type":"post","link":"https:\/\/www.feuerwehr-sevelen.de\/?p=2358","title":{"rendered":"Einsatzinfo\u00a028.11.2024 ++ 06:38 Uhr"},"content":{"rendered":"<div class=\"xdj266r x11i5rnm xat24cr x1mh8g0r x1vvkbs x126k92a\">\n<div dir=\"auto\">Einsatzmeldung: B3 &#8211; Geb\u00e4udebrand<\/div>\n<\/div>\n<div class=\"x11i5rnm xat24cr x1mh8g0r x1vvkbs xtlvy1s x126k92a\">\n<div dir=\"auto\">Am fr\u00fchen Donnerstagmorgen wurden die L\u00f6schz\u00fcge Sevelen und Issum, sowie die L\u00f6schgruppe Hartefeld, zu einem Wohnungsbrand auf der Vorster Stra\u00dfe alarmiert. Augenscheinlich war ein brennender Adventskranz auf einem K\u00fcchentisch urs\u00e4chlich f\u00fcr das Feuer, das wiederum weitere K\u00fcchenm\u00f6bel in Brand setzte. Die Bewohnerin des Einfamilienhauses hatte bereits vor dem Eintreffen der Feuerwehr das verrauchte Wohnhaus verlassen.<\/div>\n<div dir=\"auto\">Unter Atemschutz mit Vornahme eines C-Rohres war der Brand schnell unter Kontrolle und das Feuer abgel\u00f6scht. Im weiteren Verlauf des Einsatzes wurde das Objekt mit einem Hochleistungsl\u00fcfter entraucht.<\/div>\n<div dir=\"auto\">Die 36 Einsatzkr\u00e4fte der Feuerwehr mit 8 Feuerwehrfahrzeugen, sowie die Kollegen vom Rettungsdienst und der Polizei, waren ca. eine Stunde im Einsatz.<\/div>\n<div dir=\"auto\">F\u00fcr die Genehmigung zur Ver\u00f6ffentlichung der Fotos danken wir der Eigent\u00fcmerin, dadurch k\u00f6nnen wir eindrucksvoll auf die Gefahren durch Kerzen in der Weihnachtszeit hinweisen.<\/div>\n<div dir=\"auto\"><img loading=\"lazy\" decoding=\"async\" class=\"alignnone size-full wp-image-2359\" src=\"https:\/\/www.feuerwehr-sevelen.de\/wp-content\/uploads\/2024\/12\/IMG_4476.jpeg\" alt=\"\" width=\"1200\" height=\"900\" srcset=\"https:\/\/www.feuerwehr-sevelen.de\/wp-content\/uploads\/2024\/12\/IMG_4476.jpeg 1200w, https:\/\/www.feuerwehr-sevelen.de\/wp-content\/uploads\/2024\/12\/IMG_4476-300x225.jpeg 300w, https:\/\/www.feuerwehr-sevelen.de\/wp-content\/uploads\/2024\/12\/IMG_4476-1024x768.jpeg 1024w, https:\/\/www.feuerwehr-sevelen.de\/wp-content\/uploads\/2024\/12\/IMG_4476-768x576.jpeg 768w\" sizes=\"auto, (max-width: 1200px) 100vw, 1200px\" \/> <img loading=\"lazy\" decoding=\"async\" class=\"alignnone size-full wp-image-2360\" src=\"https:\/\/www.feuerwehr-sevelen.de\/wp-content\/uploads\/2024\/12\/IMG_4477.jpeg\" alt=\"\" width=\"1440\" height=\"1081\" srcset=\"https:\/\/www.feuerwehr-sevelen.de\/wp-content\/uploads\/2024\/12\/IMG_4477.jpeg 1440w, https:\/\/www.feuerwehr-sevelen.de\/wp-content\/uploads\/2024\/12\/IMG_4477-300x225.jpeg 300w, https:\/\/www.feuerwehr-sevelen.de\/wp-content\/uploads\/2024\/12\/IMG_4477-1024x769.jpeg 1024w, https:\/\/www.feuerwehr-sevelen.de\/wp-content\/uploads\/2024\/12\/IMG_4477-768x577.jpeg 768w\" sizes=\"auto, (max-width: 1440px) 100vw, 1440px\" \/> <img loading=\"lazy\" decoding=\"async\" class=\"alignnone size-full wp-image-2361\" src=\"https:\/\/www.feuerwehr-sevelen.de\/wp-content\/uploads\/2024\/12\/IMG_4478.jpeg\" alt=\"\" width=\"1200\" height=\"901\" srcset=\"https:\/\/www.feuerwehr-sevelen.de\/wp-content\/uploads\/2024\/12\/IMG_4478.jpeg 1200w, https:\/\/www.feuerwehr-sevelen.de\/wp-content\/uploads\/2024\/12\/IMG_4478-300x225.jpeg 300w, https:\/\/www.feuerwehr-sevelen.de\/wp-content\/uploads\/2024\/12\/IMG_4478-1024x769.jpeg 1024w, https:\/\/www.feuerwehr-sevelen.de\/wp-content\/uploads\/2024\/12\/IMG_4478-768x577.jpeg 768w\" sizes=\"auto, (max-width: 1200px) 100vw, 1200px\" \/><\/div>\n<\/div>\n","protected":false},"excerpt":{"rendered":"<p>Einsatzmeldung: B3 &#8211; Geb\u00e4udebrand Am fr\u00fchen Donnerstagmorgen wurden die L\u00f6schz\u00fcge Sevelen und Issum, sowie die L\u00f6schgruppe Hartefeld, zu einem Wohnungsbrand auf der Vorster Stra\u00dfe alarmiert. Augenscheinlich war ein brennender Adventskranz auf einem K\u00fcchentisch urs\u00e4chlich f\u00fcr das Feuer, das wiederum weitere K\u00fcchenm\u00f6bel in Brand setzte. Die Bewohnerin des Einfamilienhauses hatte bereits vor dem Eintreffen der Feuerwehr [&hellip;]<\/p>\n","protected":false},"author":3,"featured_media":2359,"comment_status":"open","ping_status":"open","sticky":false,"template":"","format":"standard","meta":{"footnotes":""},"categories":[5,54],"tags":[],"class_list":["post-2358","post","type-post","status-publish","format-standard","has-post-thumbnail","hentry","category-einsaetze","category-einsaetze-2024"],"_links":{"self":[{"href":"https:\/\/www.feuerwehr-sevelen.de\/index.php?rest_route=\/wp\/v2\/posts\/2358","targetHints":{"allow":["GET"]}}],"collection":[{"href":"https:\/\/www.feuerwehr-sevelen.de\/index.php?rest_route=\/wp\/v2\/posts"}],"about":[{"href":"https:\/\/www.feuerwehr-sevelen.de\/index.php?rest_route=\/wp\/v2\/types\/post"}],"author":[{"embeddable":true,"href":"https:\/\/www.feuerwehr-sevelen.de\/index.php?rest_route=\/wp\/v2\/users\/3"}],"replies":[{"embeddable":true,"href":"https:\/\/www.feuerwehr-sevelen.de\/index.php?rest_route=%2Fwp%2Fv2%2Fcomments&post=2358"}],"version-history":[{"count":1,"href":"https:\/\/www.feuerwehr-sevelen.de\/index.php?rest_route=\/wp\/v2\/posts\/2358\/revisions"}],"predecessor-version":[{"id":2362,"href":"https:\/\/www.feuerwehr-sevelen.de\/index.php?rest_route=\/wp\/v2\/posts\/2358\/revisions\/2362"}],"wp:featuredmedia":[{"embeddable":true,"href":"https:\/\/www.feuerwehr-sevelen.de\/index.php?rest_route=\/wp\/v2\/media\/2359"}],"wp:attachment":[{"href":"https:\/\/www.feuerwehr-sevelen.de\/index.php?rest_route=%2Fwp%2Fv2%2Fmedia&parent=2358"}],"wp:term":[{"taxonomy":"category","embeddable":true,"href":"https:\/\/www.feuerwehr-sevelen.de\/index.php?rest_route=%2Fwp%2Fv2%2Fcategories&post=2358"},{"taxonomy":"post_tag","embeddable":true,"href":"https:\/\/www.feuerwehr-sevelen.de\/index.php?rest_route=%2Fwp%2Fv2%2Ftags&post=2358"}],"curies":[{"name":"wp","href":"https:\/\/api.w.org\/{rel}","templated":true}]}}