{"id":2329,"date":"2024-10-28T15:51:08","date_gmt":"2024-10-28T14:51:08","guid":{"rendered":"https:\/\/www.feuerwehr-sevelen.de\/?p=2329"},"modified":"2024-10-28T15:51:08","modified_gmt":"2024-10-28T14:51:08","slug":"einsatzinfo-24-10-2024-0907-uhr","status":"publish","type":"post","link":"https:\/\/www.feuerwehr-sevelen.de\/?p=2329","title":{"rendered":"Einsatzinfo 24.10.2024 ++ 09:07 Uhr"},"content":{"rendered":"<p>Einsatzmeldung: H1 &#8211; T\u00fcr\u00f6ffnung<br class=\"html-br\" \/>Zu einer Person hinter einer verschlossenen T\u00fcr wurden die Einsatzkr\u00e4fte der Feuerwehr und der Rettungsdienst zur Dorfstra\u00dfe alarmiert.<br class=\"html-br\" \/>An der Einsatzstelle eingetroffen wurde bei der Erkundung festgestellt, dass die T\u00fcr bereits durch Nachbarn ge\u00f6ffnet wurde. Der Patient wurde den Kollegen des Rettungsdienstes \u00fcbergeben, alle Einsatzkr\u00e4fte der Feuerwehr konnten wieder einr\u00fccken<\/p>\n<p><img loading=\"lazy\" decoding=\"async\" class=\"alignnone size-full wp-image-2330\" src=\"https:\/\/www.feuerwehr-sevelen.de\/wp-content\/uploads\/2024\/10\/IMG_4422.jpeg\" alt=\"\" width=\"432\" height=\"253\" srcset=\"https:\/\/www.feuerwehr-sevelen.de\/wp-content\/uploads\/2024\/10\/IMG_4422.jpeg 432w, https:\/\/www.feuerwehr-sevelen.de\/wp-content\/uploads\/2024\/10\/IMG_4422-300x176.jpeg 300w\" sizes=\"auto, (max-width: 432px) 100vw, 432px\" \/><\/p>\n","protected":false},"excerpt":{"rendered":"<p>Einsatzmeldung: H1 &#8211; T\u00fcr\u00f6ffnungZu einer Person hinter einer verschlossenen T\u00fcr wurden die Einsatzkr\u00e4fte der Feuerwehr und der Rettungsdienst zur Dorfstra\u00dfe alarmiert.An der Einsatzstelle eingetroffen wurde bei der Erkundung festgestellt, dass die T\u00fcr bereits durch Nachbarn ge\u00f6ffnet wurde. Der Patient wurde den Kollegen des Rettungsdienstes \u00fcbergeben, alle Einsatzkr\u00e4fte der Feuerwehr konnten wieder einr\u00fccken<\/p>\n","protected":false},"author":3,"featured_media":2330,"comment_status":"open","ping_status":"open","sticky":false,"template":"","format":"standard","meta":{"footnotes":""},"categories":[5,54],"tags":[],"class_list":["post-2329","post","type-post","status-publish","format-standard","has-post-thumbnail","hentry","category-einsaetze","category-einsaetze-2024"],"_links":{"self":[{"href":"https:\/\/www.feuerwehr-sevelen.de\/index.php?rest_route=\/wp\/v2\/posts\/2329","targetHints":{"allow":["GET"]}}],"collection":[{"href":"https:\/\/www.feuerwehr-sevelen.de\/index.php?rest_route=\/wp\/v2\/posts"}],"about":[{"href":"https:\/\/www.feuerwehr-sevelen.de\/index.php?rest_route=\/wp\/v2\/types\/post"}],"author":[{"embeddable":true,"href":"https:\/\/www.feuerwehr-sevelen.de\/index.php?rest_route=\/wp\/v2\/users\/3"}],"replies":[{"embeddable":true,"href":"https:\/\/www.feuerwehr-sevelen.de\/index.php?rest_route=%2Fwp%2Fv2%2Fcomments&post=2329"}],"version-history":[{"count":1,"href":"https:\/\/www.feuerwehr-sevelen.de\/index.php?rest_route=\/wp\/v2\/posts\/2329\/revisions"}],"predecessor-version":[{"id":2331,"href":"https:\/\/www.feuerwehr-sevelen.de\/index.php?rest_route=\/wp\/v2\/posts\/2329\/revisions\/2331"}],"wp:featuredmedia":[{"embeddable":true,"href":"https:\/\/www.feuerwehr-sevelen.de\/index.php?rest_route=\/wp\/v2\/media\/2330"}],"wp:attachment":[{"href":"https:\/\/www.feuerwehr-sevelen.de\/index.php?rest_route=%2Fwp%2Fv2%2Fmedia&parent=2329"}],"wp:term":[{"taxonomy":"category","embeddable":true,"href":"https:\/\/www.feuerwehr-sevelen.de\/index.php?rest_route=%2Fwp%2Fv2%2Fcategories&post=2329"},{"taxonomy":"post_tag","embeddable":true,"href":"https:\/\/www.feuerwehr-sevelen.de\/index.php?rest_route=%2Fwp%2Fv2%2Ftags&post=2329"}],"curies":[{"name":"wp","href":"https:\/\/api.w.org\/{rel}","templated":true}]}}