{"id":2263,"date":"2024-06-16T16:40:50","date_gmt":"2024-06-16T14:40:50","guid":{"rendered":"https:\/\/www.feuerwehr-sevelen.de\/?p=2263"},"modified":"2024-06-16T16:40:50","modified_gmt":"2024-06-16T14:40:50","slug":"einsatzinfo-13-06-2024-1020-uhr","status":"publish","type":"post","link":"https:\/\/www.feuerwehr-sevelen.de\/?p=2263","title":{"rendered":"Einsatzinfo ++ 13.06.2024 ++ 10:20 Uhr"},"content":{"rendered":"<div class=\"xdj266r x11i5rnm xat24cr x1mh8g0r x1vvkbs x126k92a\">\n<div dir=\"auto\">Einsatzmeldung: B2 &#8211; Heckenbrand<\/div>\n<\/div>\n<div class=\"x11i5rnm xat24cr x1mh8g0r x1vvkbs xtlvy1s x126k92a\">\n<div dir=\"auto\">Ein augenscheinlich bei Fl\u00e4mmarbeiten ausgel\u00f6ster Heckenbrand am Schwarzen Dyck l\u00f6ste den Einsatz der Feuerwehr am heutigen Morgen aus.<\/div>\n<div dir=\"auto\">Durch das schnelle und beherzte Eingreifen der Anwohner mittels Feuerl\u00f6scher und Gartenschl\u00e4uchen konnte eine Ausbreitung der Flammen verhindert werden.<\/div>\n<div dir=\"auto\">Die Einsatzkr\u00e4fte der Feuerwehr f\u00fchrten Nachl\u00f6scharbeiten durch und Kontrollieren das Brandobjekt unter Zuhilfenahme einer W\u00e4mebildkamera.<\/div>\n<div dir=\"auto\"><img loading=\"lazy\" decoding=\"async\" class=\"alignnone size-medium wp-image-2264\" src=\"https:\/\/www.feuerwehr-sevelen.de\/wp-content\/uploads\/2024\/06\/IMG_3928-300x225.jpeg\" alt=\"\" width=\"300\" height=\"225\" srcset=\"https:\/\/www.feuerwehr-sevelen.de\/wp-content\/uploads\/2024\/06\/IMG_3928-300x225.jpeg 300w, https:\/\/www.feuerwehr-sevelen.de\/wp-content\/uploads\/2024\/06\/IMG_3928-1024x769.jpeg 1024w, https:\/\/www.feuerwehr-sevelen.de\/wp-content\/uploads\/2024\/06\/IMG_3928-768x576.jpeg 768w, https:\/\/www.feuerwehr-sevelen.de\/wp-content\/uploads\/2024\/06\/IMG_3928.jpeg 1279w\" sizes=\"auto, (max-width: 300px) 100vw, 300px\" \/> <img loading=\"lazy\" decoding=\"async\" class=\"alignnone size-medium wp-image-2265\" src=\"https:\/\/www.feuerwehr-sevelen.de\/wp-content\/uploads\/2024\/06\/IMG_3929-300x225.jpeg\" alt=\"\" width=\"300\" height=\"225\" srcset=\"https:\/\/www.feuerwehr-sevelen.de\/wp-content\/uploads\/2024\/06\/IMG_3929-300x225.jpeg 300w, https:\/\/www.feuerwehr-sevelen.de\/wp-content\/uploads\/2024\/06\/IMG_3929-1024x768.jpeg 1024w, https:\/\/www.feuerwehr-sevelen.de\/wp-content\/uploads\/2024\/06\/IMG_3929-768x576.jpeg 768w, https:\/\/www.feuerwehr-sevelen.de\/wp-content\/uploads\/2024\/06\/IMG_3929.jpeg 1280w\" sizes=\"auto, (max-width: 300px) 100vw, 300px\" \/><\/div>\n<\/div>\n","protected":false},"excerpt":{"rendered":"<p>Einsatzmeldung: B2 &#8211; Heckenbrand Ein augenscheinlich bei Fl\u00e4mmarbeiten ausgel\u00f6ster Heckenbrand am Schwarzen Dyck l\u00f6ste den Einsatz der Feuerwehr am heutigen Morgen aus. Durch das schnelle und beherzte Eingreifen der Anwohner mittels Feuerl\u00f6scher und Gartenschl\u00e4uchen konnte eine Ausbreitung der Flammen verhindert werden. Die Einsatzkr\u00e4fte der Feuerwehr f\u00fchrten Nachl\u00f6scharbeiten durch und Kontrollieren das Brandobjekt unter Zuhilfenahme einer [&hellip;]<\/p>\n","protected":false},"author":1,"featured_media":2265,"comment_status":"open","ping_status":"open","sticky":false,"template":"","format":"standard","meta":{"footnotes":""},"categories":[5,54],"tags":[],"class_list":["post-2263","post","type-post","status-publish","format-standard","has-post-thumbnail","hentry","category-einsaetze","category-einsaetze-2024"],"_links":{"self":[{"href":"https:\/\/www.feuerwehr-sevelen.de\/index.php?rest_route=\/wp\/v2\/posts\/2263","targetHints":{"allow":["GET"]}}],"collection":[{"href":"https:\/\/www.feuerwehr-sevelen.de\/index.php?rest_route=\/wp\/v2\/posts"}],"about":[{"href":"https:\/\/www.feuerwehr-sevelen.de\/index.php?rest_route=\/wp\/v2\/types\/post"}],"author":[{"embeddable":true,"href":"https:\/\/www.feuerwehr-sevelen.de\/index.php?rest_route=\/wp\/v2\/users\/1"}],"replies":[{"embeddable":true,"href":"https:\/\/www.feuerwehr-sevelen.de\/index.php?rest_route=%2Fwp%2Fv2%2Fcomments&post=2263"}],"version-history":[{"count":1,"href":"https:\/\/www.feuerwehr-sevelen.de\/index.php?rest_route=\/wp\/v2\/posts\/2263\/revisions"}],"predecessor-version":[{"id":2266,"href":"https:\/\/www.feuerwehr-sevelen.de\/index.php?rest_route=\/wp\/v2\/posts\/2263\/revisions\/2266"}],"wp:featuredmedia":[{"embeddable":true,"href":"https:\/\/www.feuerwehr-sevelen.de\/index.php?rest_route=\/wp\/v2\/media\/2265"}],"wp:attachment":[{"href":"https:\/\/www.feuerwehr-sevelen.de\/index.php?rest_route=%2Fwp%2Fv2%2Fmedia&parent=2263"}],"wp:term":[{"taxonomy":"category","embeddable":true,"href":"https:\/\/www.feuerwehr-sevelen.de\/index.php?rest_route=%2Fwp%2Fv2%2Fcategories&post=2263"},{"taxonomy":"post_tag","embeddable":true,"href":"https:\/\/www.feuerwehr-sevelen.de\/index.php?rest_route=%2Fwp%2Fv2%2Ftags&post=2263"}],"curies":[{"name":"wp","href":"https:\/\/api.w.org\/{rel}","templated":true}]}}