{"id":2104,"date":"2024-01-04T00:53:23","date_gmt":"2024-01-03T23:53:23","guid":{"rendered":"https:\/\/www.feuerwehr-sevelen.de\/?p=2104"},"modified":"2024-01-04T00:53:41","modified_gmt":"2024-01-03T23:53:41","slug":"einsatzinfo-21-12-2023-ab-1657-uhr","status":"publish","type":"post","link":"https:\/\/www.feuerwehr-sevelen.de\/?p=2104","title":{"rendered":"Einsatzinfo 21.12.2023 ++ ab 16:57 Uhr"},"content":{"rendered":"<div class=\"xdj266r x11i5rnm xat24cr x1mh8g0r x1vvkbs x126k92a\">\n<div dir=\"auto\">Einsatzmeldung: H1 &#8211; Hilfeleistung<\/div>\n<\/div>\n<div class=\"x11i5rnm xat24cr x1mh8g0r x1vvkbs xtlvy1s x126k92a\">\n<div dir=\"auto\">Als das Sturmtief \u201eZoltan\u201c \u00fcber NRW hinwegzog wurde auch die Gemeinde Issum nicht verschont: So galt es mehrere umgest\u00fcrzte B\u00e4ume und \u00c4ste, teilweise unter Zuhilfenahme von Motors\u00e4gen und viel Muskelkraft, von Stra\u00dfen und Gehwegen freizur\u00e4umen.<\/div>\n<div dir=\"auto\"><\/div>\n<div dir=\"auto\"><img loading=\"lazy\" decoding=\"async\" class=\"alignnone size-medium wp-image-2105\" src=\"https:\/\/www.feuerwehr-sevelen.de\/wp-content\/uploads\/2024\/01\/IMG_2509-300x225.jpeg\" alt=\"\" width=\"300\" height=\"225\" srcset=\"https:\/\/www.feuerwehr-sevelen.de\/wp-content\/uploads\/2024\/01\/IMG_2509-300x225.jpeg 300w, https:\/\/www.feuerwehr-sevelen.de\/wp-content\/uploads\/2024\/01\/IMG_2509-1024x768.jpeg 1024w, https:\/\/www.feuerwehr-sevelen.de\/wp-content\/uploads\/2024\/01\/IMG_2509-768x576.jpeg 768w, https:\/\/www.feuerwehr-sevelen.de\/wp-content\/uploads\/2024\/01\/IMG_2509.jpeg 1440w\" sizes=\"auto, (max-width: 300px) 100vw, 300px\" \/> <img loading=\"lazy\" decoding=\"async\" class=\"alignnone size-medium wp-image-2106\" src=\"https:\/\/www.feuerwehr-sevelen.de\/wp-content\/uploads\/2024\/01\/IMG_2508-300x225.jpeg\" alt=\"\" width=\"300\" height=\"225\" srcset=\"https:\/\/www.feuerwehr-sevelen.de\/wp-content\/uploads\/2024\/01\/IMG_2508-300x225.jpeg 300w, https:\/\/www.feuerwehr-sevelen.de\/wp-content\/uploads\/2024\/01\/IMG_2508-1024x768.jpeg 1024w, https:\/\/www.feuerwehr-sevelen.de\/wp-content\/uploads\/2024\/01\/IMG_2508-768x576.jpeg 768w, https:\/\/www.feuerwehr-sevelen.de\/wp-content\/uploads\/2024\/01\/IMG_2508.jpeg 1440w\" sizes=\"auto, (max-width: 300px) 100vw, 300px\" \/> <img loading=\"lazy\" decoding=\"async\" class=\"alignnone size-medium wp-image-2107\" src=\"https:\/\/www.feuerwehr-sevelen.de\/wp-content\/uploads\/2024\/01\/IMG_2507-300x225.jpeg\" alt=\"\" width=\"300\" height=\"225\" srcset=\"https:\/\/www.feuerwehr-sevelen.de\/wp-content\/uploads\/2024\/01\/IMG_2507-300x225.jpeg 300w, https:\/\/www.feuerwehr-sevelen.de\/wp-content\/uploads\/2024\/01\/IMG_2507-1024x768.jpeg 1024w, https:\/\/www.feuerwehr-sevelen.de\/wp-content\/uploads\/2024\/01\/IMG_2507-768x576.jpeg 768w, https:\/\/www.feuerwehr-sevelen.de\/wp-content\/uploads\/2024\/01\/IMG_2507.jpeg 1440w\" sizes=\"auto, (max-width: 300px) 100vw, 300px\" \/><\/div>\n<\/div>\n","protected":false},"excerpt":{"rendered":"<p>Einsatzmeldung: H1 &#8211; Hilfeleistung Als das Sturmtief \u201eZoltan\u201c \u00fcber NRW hinwegzog wurde auch die Gemeinde Issum nicht verschont: So galt es mehrere umgest\u00fcrzte B\u00e4ume und \u00c4ste, teilweise unter Zuhilfenahme von Motors\u00e4gen und viel Muskelkraft, von Stra\u00dfen und Gehwegen freizur\u00e4umen.<\/p>\n","protected":false},"author":1,"featured_media":2107,"comment_status":"open","ping_status":"open","sticky":false,"template":"","format":"standard","meta":{"footnotes":""},"categories":[5,46],"tags":[],"class_list":["post-2104","post","type-post","status-publish","format-standard","has-post-thumbnail","hentry","category-einsaetze","category-einsaetze-2023"],"_links":{"self":[{"href":"https:\/\/www.feuerwehr-sevelen.de\/index.php?rest_route=\/wp\/v2\/posts\/2104","targetHints":{"allow":["GET"]}}],"collection":[{"href":"https:\/\/www.feuerwehr-sevelen.de\/index.php?rest_route=\/wp\/v2\/posts"}],"about":[{"href":"https:\/\/www.feuerwehr-sevelen.de\/index.php?rest_route=\/wp\/v2\/types\/post"}],"author":[{"embeddable":true,"href":"https:\/\/www.feuerwehr-sevelen.de\/index.php?rest_route=\/wp\/v2\/users\/1"}],"replies":[{"embeddable":true,"href":"https:\/\/www.feuerwehr-sevelen.de\/index.php?rest_route=%2Fwp%2Fv2%2Fcomments&post=2104"}],"version-history":[{"count":2,"href":"https:\/\/www.feuerwehr-sevelen.de\/index.php?rest_route=\/wp\/v2\/posts\/2104\/revisions"}],"predecessor-version":[{"id":2119,"href":"https:\/\/www.feuerwehr-sevelen.de\/index.php?rest_route=\/wp\/v2\/posts\/2104\/revisions\/2119"}],"wp:featuredmedia":[{"embeddable":true,"href":"https:\/\/www.feuerwehr-sevelen.de\/index.php?rest_route=\/wp\/v2\/media\/2107"}],"wp:attachment":[{"href":"https:\/\/www.feuerwehr-sevelen.de\/index.php?rest_route=%2Fwp%2Fv2%2Fmedia&parent=2104"}],"wp:term":[{"taxonomy":"category","embeddable":true,"href":"https:\/\/www.feuerwehr-sevelen.de\/index.php?rest_route=%2Fwp%2Fv2%2Fcategories&post=2104"},{"taxonomy":"post_tag","embeddable":true,"href":"https:\/\/www.feuerwehr-sevelen.de\/index.php?rest_route=%2Fwp%2Fv2%2Ftags&post=2104"}],"curies":[{"name":"wp","href":"https:\/\/api.w.org\/{rel}","templated":true}]}}