{"id":2090,"date":"2023-12-14T08:01:32","date_gmt":"2023-12-14T07:01:32","guid":{"rendered":"https:\/\/www.feuerwehr-sevelen.de\/?p=2090"},"modified":"2023-12-14T08:01:36","modified_gmt":"2023-12-14T07:01:36","slug":"einsatzinfo-28-11-2023-1616-uhr","status":"publish","type":"post","link":"https:\/\/www.feuerwehr-sevelen.de\/?p=2090","title":{"rendered":"Einsatzinfo 28.11.2023 ++ 16:16 Uhr"},"content":{"rendered":"<div class=\"xdj266r x11i5rnm xat24cr x1mh8g0r x1vvkbs x126k92a\">\n<div dir=\"auto\">Einsatzmeldung: C1 &#8211; Auslaufende Betriebsstoffe nach Verkehrsunfall<\/div>\n<\/div>\n<div class=\"x11i5rnm xat24cr x1mh8g0r x1vvkbs xtlvy1s x126k92a\">\n<div dir=\"auto\">Eine Fahrzeugf\u00fchrerin kam aus bisher unbekannten Gr\u00fcnden in der Ortschaft Gro\u00dfholthuysen auf den Gr\u00fcnstreifen und kollidierte danach frontal mit einem Stra\u00dfenbaum. Sie wurde durch die mitalarmierte Rettungsdienstbesatzung versorgt.<\/div>\n<div dir=\"auto\">Die Einsatzkr\u00e4fte der Feuerwehr sicherten die Unfallstelle ab, stellten den Brandschutz sicher und streuten ausgelaufene Betriebsstoffe aus dem Unfallfahrzeug ab.<\/div>\n<div dir=\"auto\"><img loading=\"lazy\" decoding=\"async\" class=\"alignnone size-medium wp-image-2091\" src=\"https:\/\/www.feuerwehr-sevelen.de\/wp-content\/uploads\/2023\/12\/IMG_2120-300x226.jpeg\" alt=\"\" width=\"300\" height=\"226\" srcset=\"https:\/\/www.feuerwehr-sevelen.de\/wp-content\/uploads\/2023\/12\/IMG_2120-300x226.jpeg 300w, https:\/\/www.feuerwehr-sevelen.de\/wp-content\/uploads\/2023\/12\/IMG_2120-768x579.jpeg 768w, https:\/\/www.feuerwehr-sevelen.de\/wp-content\/uploads\/2023\/12\/IMG_2120.jpeg 771w\" sizes=\"auto, (max-width: 300px) 100vw, 300px\" \/> <img loading=\"lazy\" decoding=\"async\" class=\"alignnone size-medium wp-image-2092\" src=\"https:\/\/www.feuerwehr-sevelen.de\/wp-content\/uploads\/2023\/12\/IMG_2121-300x225.jpeg\" alt=\"\" width=\"300\" height=\"225\" srcset=\"https:\/\/www.feuerwehr-sevelen.de\/wp-content\/uploads\/2023\/12\/IMG_2121-300x225.jpeg 300w, https:\/\/www.feuerwehr-sevelen.de\/wp-content\/uploads\/2023\/12\/IMG_2121.jpeg 769w\" sizes=\"auto, (max-width: 300px) 100vw, 300px\" \/><\/div>\n<\/div>\n","protected":false},"excerpt":{"rendered":"<p>Einsatzmeldung: C1 &#8211; Auslaufende Betriebsstoffe nach Verkehrsunfall Eine Fahrzeugf\u00fchrerin kam aus bisher unbekannten Gr\u00fcnden in der Ortschaft Gro\u00dfholthuysen auf den Gr\u00fcnstreifen und kollidierte danach frontal mit einem Stra\u00dfenbaum. Sie wurde durch die mitalarmierte Rettungsdienstbesatzung versorgt. Die Einsatzkr\u00e4fte der Feuerwehr sicherten die Unfallstelle ab, stellten den Brandschutz sicher und streuten ausgelaufene Betriebsstoffe aus dem Unfallfahrzeug ab.<\/p>\n","protected":false},"author":1,"featured_media":2091,"comment_status":"open","ping_status":"open","sticky":false,"template":"","format":"standard","meta":{"footnotes":""},"categories":[5,46],"tags":[],"class_list":["post-2090","post","type-post","status-publish","format-standard","has-post-thumbnail","hentry","category-einsaetze","category-einsaetze-2023"],"_links":{"self":[{"href":"https:\/\/www.feuerwehr-sevelen.de\/index.php?rest_route=\/wp\/v2\/posts\/2090","targetHints":{"allow":["GET"]}}],"collection":[{"href":"https:\/\/www.feuerwehr-sevelen.de\/index.php?rest_route=\/wp\/v2\/posts"}],"about":[{"href":"https:\/\/www.feuerwehr-sevelen.de\/index.php?rest_route=\/wp\/v2\/types\/post"}],"author":[{"embeddable":true,"href":"https:\/\/www.feuerwehr-sevelen.de\/index.php?rest_route=\/wp\/v2\/users\/1"}],"replies":[{"embeddable":true,"href":"https:\/\/www.feuerwehr-sevelen.de\/index.php?rest_route=%2Fwp%2Fv2%2Fcomments&post=2090"}],"version-history":[{"count":1,"href":"https:\/\/www.feuerwehr-sevelen.de\/index.php?rest_route=\/wp\/v2\/posts\/2090\/revisions"}],"predecessor-version":[{"id":2093,"href":"https:\/\/www.feuerwehr-sevelen.de\/index.php?rest_route=\/wp\/v2\/posts\/2090\/revisions\/2093"}],"wp:featuredmedia":[{"embeddable":true,"href":"https:\/\/www.feuerwehr-sevelen.de\/index.php?rest_route=\/wp\/v2\/media\/2091"}],"wp:attachment":[{"href":"https:\/\/www.feuerwehr-sevelen.de\/index.php?rest_route=%2Fwp%2Fv2%2Fmedia&parent=2090"}],"wp:term":[{"taxonomy":"category","embeddable":true,"href":"https:\/\/www.feuerwehr-sevelen.de\/index.php?rest_route=%2Fwp%2Fv2%2Fcategories&post=2090"},{"taxonomy":"post_tag","embeddable":true,"href":"https:\/\/www.feuerwehr-sevelen.de\/index.php?rest_route=%2Fwp%2Fv2%2Ftags&post=2090"}],"curies":[{"name":"wp","href":"https:\/\/api.w.org\/{rel}","templated":true}]}}