{"id":2088,"date":"2023-12-14T08:01:10","date_gmt":"2023-12-14T07:01:10","guid":{"rendered":"https:\/\/www.feuerwehr-sevelen.de\/?p=2088"},"modified":"2023-12-14T08:01:17","modified_gmt":"2023-12-14T07:01:17","slug":"einsatzinfo-27-11-2023-1555-uhr","status":"publish","type":"post","link":"https:\/\/www.feuerwehr-sevelen.de\/?p=2088","title":{"rendered":"Einsatzinfo 27.11.2023 ++ 15:55 Uhr"},"content":{"rendered":"<div class=\"xdj266r x11i5rnm xat24cr x1mh8g0r x1vvkbs x126k92a\">\n<div dir=\"auto\">Einsatzmeldung: R3 &#8211; Verkehrsunfall mehrere Personen eingeklemmt<\/div>\n<\/div>\n<div class=\"x11i5rnm xat24cr x1mh8g0r x1vvkbs xtlvy1s x126k92a\">\n<div dir=\"auto\">Im Kreuzungsbereich Sevelener Stra\u00dfe (L362) \/Holthuysener Stra\u00dfe kam es zu einem Zusammensto\u00df eines LKW mit einem Pkw. Zwei Personen wurden bei dem Aufprall im Pkw eingeklemmt und mussten unter Verwendung hydraulischer Rettungsger\u00e4te durch die Feuerwehreinsatzkr\u00e4fte gerettet werden.<\/div>\n<div dir=\"auto\">Des Weiteren sicherten die Einsatzkr\u00e4fte der Feuerwehr die Einsatzstelle ab und unterst\u00fctzten die Kollegen vom Rettungsdienst bei der Patientenversorgung. Im weiteren Verlauf wurde der Landeplatz f\u00fcr den Rettungshubschrauber eingerichtet und an den Unfallfahrzeugen die Batterien abgeklemmt sowie ausgelaufene Betriebsstoffe abgestreut. Zur Zeit wird die Unfallstelle f\u00fcr das Unfallaufnahmeteam der Polizei ausgeleuchtet.<\/div>\n<div dir=\"auto\">Die 32 Einsatzkr\u00e4fte der L\u00f6schz\u00fcge Sevelen und Issum waren mit 9 Fahrzeugen im Einsatz, des Weiteren zwei Not\u00e4rzte, zwei Rettungswagen, ein Rettungshubschrauber sowie mehrere Einheiten der Polizei.<\/div>\n<div dir=\"auto\"><img loading=\"lazy\" decoding=\"async\" class=\"alignnone size-medium wp-image-2098\" src=\"https:\/\/www.feuerwehr-sevelen.de\/wp-content\/uploads\/2023\/12\/IMG_2117-300x225.jpeg\" alt=\"\" width=\"300\" height=\"225\" srcset=\"https:\/\/www.feuerwehr-sevelen.de\/wp-content\/uploads\/2023\/12\/IMG_2117-300x225.jpeg 300w, https:\/\/www.feuerwehr-sevelen.de\/wp-content\/uploads\/2023\/12\/IMG_2117.jpeg 768w\" sizes=\"auto, (max-width: 300px) 100vw, 300px\" \/> <img loading=\"lazy\" decoding=\"async\" class=\"alignnone size-medium wp-image-2099\" src=\"https:\/\/www.feuerwehr-sevelen.de\/wp-content\/uploads\/2023\/12\/IMG_2116-300x225.jpeg\" alt=\"\" width=\"300\" height=\"225\" srcset=\"https:\/\/www.feuerwehr-sevelen.de\/wp-content\/uploads\/2023\/12\/IMG_2116-300x225.jpeg 300w, https:\/\/www.feuerwehr-sevelen.de\/wp-content\/uploads\/2023\/12\/IMG_2116.jpeg 768w\" sizes=\"auto, (max-width: 300px) 100vw, 300px\" \/> <img loading=\"lazy\" decoding=\"async\" class=\"alignnone size-medium wp-image-2100\" src=\"https:\/\/www.feuerwehr-sevelen.de\/wp-content\/uploads\/2023\/12\/IMG_2118-300x225.jpeg\" alt=\"\" width=\"300\" height=\"225\" srcset=\"https:\/\/www.feuerwehr-sevelen.de\/wp-content\/uploads\/2023\/12\/IMG_2118-300x225.jpeg 300w, https:\/\/www.feuerwehr-sevelen.de\/wp-content\/uploads\/2023\/12\/IMG_2118.jpeg 768w\" sizes=\"auto, (max-width: 300px) 100vw, 300px\" \/> <img loading=\"lazy\" decoding=\"async\" class=\"alignnone size-medium wp-image-2101\" src=\"https:\/\/www.feuerwehr-sevelen.de\/wp-content\/uploads\/2023\/12\/IMG_2119-300x226.jpeg\" alt=\"\" width=\"300\" height=\"226\" srcset=\"https:\/\/www.feuerwehr-sevelen.de\/wp-content\/uploads\/2023\/12\/IMG_2119-300x226.jpeg 300w, https:\/\/www.feuerwehr-sevelen.de\/wp-content\/uploads\/2023\/12\/IMG_2119-768x579.jpeg 768w, https:\/\/www.feuerwehr-sevelen.de\/wp-content\/uploads\/2023\/12\/IMG_2119.jpeg 771w\" sizes=\"auto, (max-width: 300px) 100vw, 300px\" \/><\/div>\n<div dir=\"auto\"><\/div>\n<\/div>\n","protected":false},"excerpt":{"rendered":"<p>Einsatzmeldung: R3 &#8211; Verkehrsunfall mehrere Personen eingeklemmt Im Kreuzungsbereich Sevelener Stra\u00dfe (L362) \/Holthuysener Stra\u00dfe kam es zu einem Zusammensto\u00df eines LKW mit einem Pkw. Zwei Personen wurden bei dem Aufprall im Pkw eingeklemmt und mussten unter Verwendung hydraulischer Rettungsger\u00e4te durch die Feuerwehreinsatzkr\u00e4fte gerettet werden. Des Weiteren sicherten die Einsatzkr\u00e4fte der Feuerwehr die Einsatzstelle ab und [&hellip;]<\/p>\n","protected":false},"author":1,"featured_media":2100,"comment_status":"open","ping_status":"open","sticky":false,"template":"","format":"standard","meta":{"footnotes":""},"categories":[5,46],"tags":[],"class_list":["post-2088","post","type-post","status-publish","format-standard","has-post-thumbnail","hentry","category-einsaetze","category-einsaetze-2023"],"_links":{"self":[{"href":"https:\/\/www.feuerwehr-sevelen.de\/index.php?rest_route=\/wp\/v2\/posts\/2088","targetHints":{"allow":["GET"]}}],"collection":[{"href":"https:\/\/www.feuerwehr-sevelen.de\/index.php?rest_route=\/wp\/v2\/posts"}],"about":[{"href":"https:\/\/www.feuerwehr-sevelen.de\/index.php?rest_route=\/wp\/v2\/types\/post"}],"author":[{"embeddable":true,"href":"https:\/\/www.feuerwehr-sevelen.de\/index.php?rest_route=\/wp\/v2\/users\/1"}],"replies":[{"embeddable":true,"href":"https:\/\/www.feuerwehr-sevelen.de\/index.php?rest_route=%2Fwp%2Fv2%2Fcomments&post=2088"}],"version-history":[{"count":2,"href":"https:\/\/www.feuerwehr-sevelen.de\/index.php?rest_route=\/wp\/v2\/posts\/2088\/revisions"}],"predecessor-version":[{"id":2102,"href":"https:\/\/www.feuerwehr-sevelen.de\/index.php?rest_route=\/wp\/v2\/posts\/2088\/revisions\/2102"}],"wp:featuredmedia":[{"embeddable":true,"href":"https:\/\/www.feuerwehr-sevelen.de\/index.php?rest_route=\/wp\/v2\/media\/2100"}],"wp:attachment":[{"href":"https:\/\/www.feuerwehr-sevelen.de\/index.php?rest_route=%2Fwp%2Fv2%2Fmedia&parent=2088"}],"wp:term":[{"taxonomy":"category","embeddable":true,"href":"https:\/\/www.feuerwehr-sevelen.de\/index.php?rest_route=%2Fwp%2Fv2%2Fcategories&post=2088"},{"taxonomy":"post_tag","embeddable":true,"href":"https:\/\/www.feuerwehr-sevelen.de\/index.php?rest_route=%2Fwp%2Fv2%2Ftags&post=2088"}],"curies":[{"name":"wp","href":"https:\/\/api.w.org\/{rel}","templated":true}]}}