{"id":2085,"date":"2023-11-23T14:06:02","date_gmt":"2023-11-23T13:06:02","guid":{"rendered":"https:\/\/www.feuerwehr-sevelen.de\/?p=2085"},"modified":"2023-11-23T14:06:02","modified_gmt":"2023-11-23T13:06:02","slug":"einsatzinfo-23-11-2023-1059-uhr","status":"publish","type":"post","link":"https:\/\/www.feuerwehr-sevelen.de\/?p=2085","title":{"rendered":"Einsatzinfo 23.11.2023 ++ 10:59 Uhr"},"content":{"rendered":"<div class=\"xdj266r x11i5rnm xat24cr x1mh8g0r x1vvkbs x126k92a\">\n<div dir=\"auto\">Einsatzmeldung: B3 &#8211; Kellerbrand<\/div>\n<\/div>\n<div class=\"x11i5rnm xat24cr x1mh8g0r x1vvkbs xtlvy1s x126k92a\">\n<div dir=\"auto\">Aus bisher nicht ermittelter Ursache geriet eine Fritteuse im Keller eines Wohnhauses an der Bahnstra\u00dfe in Brand. Das Feuer breitete sich z\u00fcgig auf die Unter- und Oberschr\u00e4nke aus, bevor es von dem unter Atemschutz vorgehenden Trupp abgel\u00f6scht wurde. Im Anschluss wurde das gesamte Haus kontrolliert und mit einem Hochdruckl\u00fcfter der Brandrauch aus den verqualmten R\u00e4umen gedr\u00fcckt. Im Einsatz waren die Kr\u00e4fte der L\u00f6schz\u00fcge Issum und Sevelen, sowie die mitalarmierten Kr\u00e4fte von Rettungsdienst und Polizei.<\/div>\n<div dir=\"auto\"><img loading=\"lazy\" decoding=\"async\" class=\"alignnone size-medium wp-image-2081\" src=\"https:\/\/www.feuerwehr-sevelen.de\/wp-content\/uploads\/2023\/11\/IMG_2108-300x277.jpeg\" alt=\"\" width=\"300\" height=\"277\" srcset=\"https:\/\/www.feuerwehr-sevelen.de\/wp-content\/uploads\/2023\/11\/IMG_2108-300x277.jpeg 300w, https:\/\/www.feuerwehr-sevelen.de\/wp-content\/uploads\/2023\/11\/IMG_2108.jpeg 584w\" sizes=\"auto, (max-width: 300px) 100vw, 300px\" \/> <img loading=\"lazy\" decoding=\"async\" class=\"alignnone size-medium wp-image-2080\" src=\"https:\/\/www.feuerwehr-sevelen.de\/wp-content\/uploads\/2023\/11\/IMG_2109-300x279.jpeg\" alt=\"\" width=\"300\" height=\"279\" srcset=\"https:\/\/www.feuerwehr-sevelen.de\/wp-content\/uploads\/2023\/11\/IMG_2109-300x279.jpeg 300w, https:\/\/www.feuerwehr-sevelen.de\/wp-content\/uploads\/2023\/11\/IMG_2109.jpeg 600w\" sizes=\"auto, (max-width: 300px) 100vw, 300px\" \/><\/div>\n<\/div>\n","protected":false},"excerpt":{"rendered":"<p>Einsatzmeldung: B3 &#8211; Kellerbrand Aus bisher nicht ermittelter Ursache geriet eine Fritteuse im Keller eines Wohnhauses an der Bahnstra\u00dfe in Brand. Das Feuer breitete sich z\u00fcgig auf die Unter- und Oberschr\u00e4nke aus, bevor es von dem unter Atemschutz vorgehenden Trupp abgel\u00f6scht wurde. Im Anschluss wurde das gesamte Haus kontrolliert und mit einem Hochdruckl\u00fcfter der Brandrauch [&hellip;]<\/p>\n","protected":false},"author":1,"featured_media":2081,"comment_status":"open","ping_status":"open","sticky":false,"template":"","format":"standard","meta":{"footnotes":""},"categories":[5,46],"tags":[],"class_list":["post-2085","post","type-post","status-publish","format-standard","has-post-thumbnail","hentry","category-einsaetze","category-einsaetze-2023"],"_links":{"self":[{"href":"https:\/\/www.feuerwehr-sevelen.de\/index.php?rest_route=\/wp\/v2\/posts\/2085","targetHints":{"allow":["GET"]}}],"collection":[{"href":"https:\/\/www.feuerwehr-sevelen.de\/index.php?rest_route=\/wp\/v2\/posts"}],"about":[{"href":"https:\/\/www.feuerwehr-sevelen.de\/index.php?rest_route=\/wp\/v2\/types\/post"}],"author":[{"embeddable":true,"href":"https:\/\/www.feuerwehr-sevelen.de\/index.php?rest_route=\/wp\/v2\/users\/1"}],"replies":[{"embeddable":true,"href":"https:\/\/www.feuerwehr-sevelen.de\/index.php?rest_route=%2Fwp%2Fv2%2Fcomments&post=2085"}],"version-history":[{"count":1,"href":"https:\/\/www.feuerwehr-sevelen.de\/index.php?rest_route=\/wp\/v2\/posts\/2085\/revisions"}],"predecessor-version":[{"id":2086,"href":"https:\/\/www.feuerwehr-sevelen.de\/index.php?rest_route=\/wp\/v2\/posts\/2085\/revisions\/2086"}],"wp:featuredmedia":[{"embeddable":true,"href":"https:\/\/www.feuerwehr-sevelen.de\/index.php?rest_route=\/wp\/v2\/media\/2081"}],"wp:attachment":[{"href":"https:\/\/www.feuerwehr-sevelen.de\/index.php?rest_route=%2Fwp%2Fv2%2Fmedia&parent=2085"}],"wp:term":[{"taxonomy":"category","embeddable":true,"href":"https:\/\/www.feuerwehr-sevelen.de\/index.php?rest_route=%2Fwp%2Fv2%2Fcategories&post=2085"},{"taxonomy":"post_tag","embeddable":true,"href":"https:\/\/www.feuerwehr-sevelen.de\/index.php?rest_route=%2Fwp%2Fv2%2Ftags&post=2085"}],"curies":[{"name":"wp","href":"https:\/\/api.w.org\/{rel}","templated":true}]}}