{"id":2069,"date":"2023-11-11T06:49:25","date_gmt":"2023-11-11T05:49:25","guid":{"rendered":"https:\/\/www.feuerwehr-sevelen.de\/?p=2069"},"modified":"2023-12-14T07:59:44","modified_gmt":"2023-12-14T06:59:44","slug":"einsatzinformation-02-11-2023-1424-uhr","status":"publish","type":"post","link":"https:\/\/www.feuerwehr-sevelen.de\/?p=2069","title":{"rendered":"Einsatzinfo\u00a002.11.2023 ++ 14:24 Uhr"},"content":{"rendered":"<div class=\"xdj266r x11i5rnm xat24cr x1mh8g0r x1vvkbs x126k92a\">\n<div dir=\"auto\">Einsatzmeldung: H1 &#8211; Hilfeleistung<\/div>\n<\/div>\n<div class=\"x11i5rnm xat24cr x1mh8g0r x1vvkbs xtlvy1s x126k92a\">\n<div dir=\"auto\">Ein Stra\u00dfenbaum knickte durch das Sturmtief \u201eEmir\u201c ab und versperrte teilweise den Letmannsdyck.<\/div>\n<div dir=\"auto\">Die Einsatzkr\u00e4fte der Feuerwehr sicherten die Einsatzstelle ab, der Baum wurde unter Zuhilfenahme einer Motors\u00e4ge zerkleinert und mit Muskelkraft wurde die Fahrbahn freiger\u00e4umt.<\/div>\n<\/div>\n<div dir=\"auto\"><\/div>\n<div dir=\"auto\"><img loading=\"lazy\" decoding=\"async\" class=\"alignnone size-medium wp-image-2071\" src=\"https:\/\/www.feuerwehr-sevelen.de\/wp-content\/uploads\/2023\/11\/IMG_2105-300x226.jpeg\" alt=\"\" width=\"300\" height=\"226\" srcset=\"https:\/\/www.feuerwehr-sevelen.de\/wp-content\/uploads\/2023\/11\/IMG_2105-300x226.jpeg 300w, https:\/\/www.feuerwehr-sevelen.de\/wp-content\/uploads\/2023\/11\/IMG_2105-1024x772.jpeg 1024w, https:\/\/www.feuerwehr-sevelen.de\/wp-content\/uploads\/2023\/11\/IMG_2105-768x579.jpeg 768w, https:\/\/www.feuerwehr-sevelen.de\/wp-content\/uploads\/2023\/11\/IMG_2105.jpeg 1440w\" sizes=\"auto, (max-width: 300px) 100vw, 300px\" \/> <img loading=\"lazy\" decoding=\"async\" class=\"alignnone size-medium wp-image-2070\" src=\"https:\/\/www.feuerwehr-sevelen.de\/wp-content\/uploads\/2023\/11\/IMG_2106-300x225.jpeg\" alt=\"\" width=\"300\" height=\"225\" srcset=\"https:\/\/www.feuerwehr-sevelen.de\/wp-content\/uploads\/2023\/11\/IMG_2106-300x225.jpeg 300w, https:\/\/www.feuerwehr-sevelen.de\/wp-content\/uploads\/2023\/11\/IMG_2106-1024x768.jpeg 1024w, https:\/\/www.feuerwehr-sevelen.de\/wp-content\/uploads\/2023\/11\/IMG_2106-768x576.jpeg 768w, https:\/\/www.feuerwehr-sevelen.de\/wp-content\/uploads\/2023\/11\/IMG_2106.jpeg 1440w\" sizes=\"auto, (max-width: 300px) 100vw, 300px\" \/><\/div>\n","protected":false},"excerpt":{"rendered":"<p>Einsatzmeldung: H1 &#8211; Hilfeleistung Ein Stra\u00dfenbaum knickte durch das Sturmtief \u201eEmir\u201c ab und versperrte teilweise den Letmannsdyck. Die Einsatzkr\u00e4fte der Feuerwehr sicherten die Einsatzstelle ab, der Baum wurde unter Zuhilfenahme einer Motors\u00e4ge zerkleinert und mit Muskelkraft wurde die Fahrbahn freiger\u00e4umt.<\/p>\n","protected":false},"author":1,"featured_media":2071,"comment_status":"open","ping_status":"open","sticky":false,"template":"","format":"image","meta":{"footnotes":""},"categories":[5,46],"tags":[],"class_list":["post-2069","post","type-post","status-publish","format-image","has-post-thumbnail","hentry","category-einsaetze","category-einsaetze-2023","post_format-post-format-image"],"_links":{"self":[{"href":"https:\/\/www.feuerwehr-sevelen.de\/index.php?rest_route=\/wp\/v2\/posts\/2069","targetHints":{"allow":["GET"]}}],"collection":[{"href":"https:\/\/www.feuerwehr-sevelen.de\/index.php?rest_route=\/wp\/v2\/posts"}],"about":[{"href":"https:\/\/www.feuerwehr-sevelen.de\/index.php?rest_route=\/wp\/v2\/types\/post"}],"author":[{"embeddable":true,"href":"https:\/\/www.feuerwehr-sevelen.de\/index.php?rest_route=\/wp\/v2\/users\/1"}],"replies":[{"embeddable":true,"href":"https:\/\/www.feuerwehr-sevelen.de\/index.php?rest_route=%2Fwp%2Fv2%2Fcomments&post=2069"}],"version-history":[{"count":2,"href":"https:\/\/www.feuerwehr-sevelen.de\/index.php?rest_route=\/wp\/v2\/posts\/2069\/revisions"}],"predecessor-version":[{"id":2097,"href":"https:\/\/www.feuerwehr-sevelen.de\/index.php?rest_route=\/wp\/v2\/posts\/2069\/revisions\/2097"}],"wp:featuredmedia":[{"embeddable":true,"href":"https:\/\/www.feuerwehr-sevelen.de\/index.php?rest_route=\/wp\/v2\/media\/2071"}],"wp:attachment":[{"href":"https:\/\/www.feuerwehr-sevelen.de\/index.php?rest_route=%2Fwp%2Fv2%2Fmedia&parent=2069"}],"wp:term":[{"taxonomy":"category","embeddable":true,"href":"https:\/\/www.feuerwehr-sevelen.de\/index.php?rest_route=%2Fwp%2Fv2%2Fcategories&post=2069"},{"taxonomy":"post_tag","embeddable":true,"href":"https:\/\/www.feuerwehr-sevelen.de\/index.php?rest_route=%2Fwp%2Fv2%2Ftags&post=2069"}],"curies":[{"name":"wp","href":"https:\/\/api.w.org\/{rel}","templated":true}]}}