{"id":1964,"date":"2023-09-16T14:00:22","date_gmt":"2023-09-16T12:00:22","guid":{"rendered":"https:\/\/test.feuerwehr-sevelen.de\/?p=1964"},"modified":"2023-09-16T14:00:22","modified_gmt":"2023-09-16T12:00:22","slug":"einsatzinfo-06-01-2022-1617-uhr","status":"publish","type":"post","link":"https:\/\/www.feuerwehr-sevelen.de\/?p=1964","title":{"rendered":"Einsatzinfo 06.01.2022 ++ 16:17 Uhr"},"content":{"rendered":"<div class=\"xdj266r x11i5rnm xat24cr x1mh8g0r x1vvkbs x126k92a\">\n<div dir=\"auto\">Einsatzmeldung: \u00d6lspur<\/div>\n<\/div>\n<div class=\"x11i5rnm xat24cr x1mh8g0r x1vvkbs xtlvy1s x126k92a\">\n<div dir=\"auto\">Aus noch nicht gekl\u00e4rter Ursache befand sich ein ca. 50m2 gro\u00dfer \u00d6lfilm auf der Wasseroberfl\u00e4che auf dem \u201eSchankweiler\u201c an der Sevelener Stra\u00dfe. Vorbeugend wurden von den Einsatzkr\u00e4ften der Feuerwehr \u00d6lsperren errichtet, sowie Bindemittel aufgetragen.<\/div>\n<div dir=\"auto\">Insgesamt waren 13 Feuerwehrangeh\u00f6rige eine Stunde im Einsatz.<\/div>\n<div dir=\"auto\"><img loading=\"lazy\" decoding=\"async\" class=\"alignnone size-medium wp-image-1965\" src=\"https:\/\/test.feuerwehr-sevelen.de\/wp-content\/uploads\/2023\/09\/271527556_1702211026639097_304955736585151556_n-240x300.jpg\" alt=\"\" width=\"240\" height=\"300\" srcset=\"https:\/\/www.feuerwehr-sevelen.de\/wp-content\/uploads\/2023\/09\/271527556_1702211026639097_304955736585151556_n-240x300.jpg 240w, https:\/\/www.feuerwehr-sevelen.de\/wp-content\/uploads\/2023\/09\/271527556_1702211026639097_304955736585151556_n.jpg 480w\" sizes=\"auto, (max-width: 240px) 100vw, 240px\" \/> <img loading=\"lazy\" decoding=\"async\" class=\"alignnone size-medium wp-image-1966\" src=\"https:\/\/test.feuerwehr-sevelen.de\/wp-content\/uploads\/2023\/09\/271604629_1702211019972431_5217595378324151819_n-240x300.jpg\" alt=\"\" width=\"240\" height=\"300\" srcset=\"https:\/\/www.feuerwehr-sevelen.de\/wp-content\/uploads\/2023\/09\/271604629_1702211019972431_5217595378324151819_n-240x300.jpg 240w, https:\/\/www.feuerwehr-sevelen.de\/wp-content\/uploads\/2023\/09\/271604629_1702211019972431_5217595378324151819_n.jpg 480w\" sizes=\"auto, (max-width: 240px) 100vw, 240px\" \/> <img loading=\"lazy\" decoding=\"async\" class=\"alignnone size-medium wp-image-1967\" src=\"https:\/\/test.feuerwehr-sevelen.de\/wp-content\/uploads\/2023\/09\/271413956_1702211023305764_5281199439074944308_n-240x300.jpg\" alt=\"\" width=\"240\" height=\"300\" srcset=\"https:\/\/www.feuerwehr-sevelen.de\/wp-content\/uploads\/2023\/09\/271413956_1702211023305764_5281199439074944308_n-240x300.jpg 240w, https:\/\/www.feuerwehr-sevelen.de\/wp-content\/uploads\/2023\/09\/271413956_1702211023305764_5281199439074944308_n.jpg 480w\" sizes=\"auto, (max-width: 240px) 100vw, 240px\" \/><\/div>\n<\/div>\n","protected":false},"excerpt":{"rendered":"<p>Einsatzmeldung: \u00d6lspur Aus noch nicht gekl\u00e4rter Ursache befand sich ein ca. 50m2 gro\u00dfer \u00d6lfilm auf der Wasseroberfl\u00e4che auf dem \u201eSchankweiler\u201c an der Sevelener Stra\u00dfe. Vorbeugend wurden von den Einsatzkr\u00e4ften der Feuerwehr \u00d6lsperren errichtet, sowie Bindemittel aufgetragen. Insgesamt waren 13 Feuerwehrangeh\u00f6rige eine Stunde im Einsatz.<\/p>\n","protected":false},"author":1,"featured_media":1967,"comment_status":"open","ping_status":"open","sticky":false,"template":"","format":"gallery","meta":{"footnotes":""},"categories":[5,49],"tags":[],"class_list":["post-1964","post","type-post","status-publish","format-gallery","has-post-thumbnail","hentry","category-einsaetze","category-einsaetze-2022","post_format-post-format-gallery"],"_links":{"self":[{"href":"https:\/\/www.feuerwehr-sevelen.de\/index.php?rest_route=\/wp\/v2\/posts\/1964","targetHints":{"allow":["GET"]}}],"collection":[{"href":"https:\/\/www.feuerwehr-sevelen.de\/index.php?rest_route=\/wp\/v2\/posts"}],"about":[{"href":"https:\/\/www.feuerwehr-sevelen.de\/index.php?rest_route=\/wp\/v2\/types\/post"}],"author":[{"embeddable":true,"href":"https:\/\/www.feuerwehr-sevelen.de\/index.php?rest_route=\/wp\/v2\/users\/1"}],"replies":[{"embeddable":true,"href":"https:\/\/www.feuerwehr-sevelen.de\/index.php?rest_route=%2Fwp%2Fv2%2Fcomments&post=1964"}],"version-history":[{"count":1,"href":"https:\/\/www.feuerwehr-sevelen.de\/index.php?rest_route=\/wp\/v2\/posts\/1964\/revisions"}],"predecessor-version":[{"id":1968,"href":"https:\/\/www.feuerwehr-sevelen.de\/index.php?rest_route=\/wp\/v2\/posts\/1964\/revisions\/1968"}],"wp:featuredmedia":[{"embeddable":true,"href":"https:\/\/www.feuerwehr-sevelen.de\/index.php?rest_route=\/wp\/v2\/media\/1967"}],"wp:attachment":[{"href":"https:\/\/www.feuerwehr-sevelen.de\/index.php?rest_route=%2Fwp%2Fv2%2Fmedia&parent=1964"}],"wp:term":[{"taxonomy":"category","embeddable":true,"href":"https:\/\/www.feuerwehr-sevelen.de\/index.php?rest_route=%2Fwp%2Fv2%2Fcategories&post=1964"},{"taxonomy":"post_tag","embeddable":true,"href":"https:\/\/www.feuerwehr-sevelen.de\/index.php?rest_route=%2Fwp%2Fv2%2Ftags&post=1964"}],"curies":[{"name":"wp","href":"https:\/\/api.w.org\/{rel}","templated":true}]}}