{"id":1884,"date":"2023-09-16T13:33:28","date_gmt":"2023-09-16T11:33:28","guid":{"rendered":"https:\/\/test.feuerwehr-sevelen.de\/?p=1884"},"modified":"2023-09-16T13:33:28","modified_gmt":"2023-09-16T11:33:28","slug":"fiii-lehrgang-bestanden","status":"publish","type":"post","link":"https:\/\/www.feuerwehr-sevelen.de\/?p=1884","title":{"rendered":"FIII Lehrgang bestanden"},"content":{"rendered":"<div dir=\"auto\">Martin Helmes vom L\u00f6schzug Sevelen, hat am heutigen Freitag (25.03.2022) mit Erfolg die Pr\u00fcfung zum \u201eAusbilder in der Feuerwehr\u201c am Institut der Feuerwehr in M\u00fcnster abgelegt.<\/div>\n<div dir=\"auto\">Mit Bestehen dieses Lehrganges, bei dem insbesondere Methodik und Didaktik in theoretischen und praktischen Einheiten intensiv geschult und weitergegeben werden, steigt Mart\u00edn nun bei der Feuerwehr Issum insbesondere in die Truppmann-Ausbildung ein. Des Weiteren wird Mart\u00edn das Team bei der Ausbildung in der Absturzsicherung erg\u00e4nzen und eigenst\u00e4ndige Unterrichte vorbereiten und durchf\u00fchren. Herzlichen Gl\u00fcckwunsch Mart\u00edn, zu dieser tollen Leistung!<\/div>\n<div dir=\"auto\"><img loading=\"lazy\" decoding=\"async\" class=\"alignnone size-medium wp-image-1885\" src=\"https:\/\/test.feuerwehr-sevelen.de\/wp-content\/uploads\/2023\/09\/276997827_1755762714617261_5503196493195164122_n-240x300.jpg\" alt=\"\" width=\"240\" height=\"300\" srcset=\"https:\/\/www.feuerwehr-sevelen.de\/wp-content\/uploads\/2023\/09\/276997827_1755762714617261_5503196493195164122_n-240x300.jpg 240w, https:\/\/www.feuerwehr-sevelen.de\/wp-content\/uploads\/2023\/09\/276997827_1755762714617261_5503196493195164122_n.jpg 480w\" sizes=\"auto, (max-width: 240px) 100vw, 240px\" \/> <img loading=\"lazy\" decoding=\"async\" class=\"alignnone size-medium wp-image-1886\" src=\"https:\/\/test.feuerwehr-sevelen.de\/wp-content\/uploads\/2023\/09\/276320322_1755762717950594_2949678576373502776_n-240x300.jpg\" alt=\"\" width=\"240\" height=\"300\" srcset=\"https:\/\/www.feuerwehr-sevelen.de\/wp-content\/uploads\/2023\/09\/276320322_1755762717950594_2949678576373502776_n-240x300.jpg 240w, https:\/\/www.feuerwehr-sevelen.de\/wp-content\/uploads\/2023\/09\/276320322_1755762717950594_2949678576373502776_n.jpg 480w\" sizes=\"auto, (max-width: 240px) 100vw, 240px\" \/><\/div>\n","protected":false},"excerpt":{"rendered":"<p>Martin Helmes vom L\u00f6schzug Sevelen, hat am heutigen Freitag (25.03.2022) mit Erfolg die Pr\u00fcfung zum \u201eAusbilder in der Feuerwehr\u201c am Institut der Feuerwehr in M\u00fcnster abgelegt. Mit Bestehen dieses Lehrganges, bei dem insbesondere Methodik und Didaktik in theoretischen und praktischen Einheiten intensiv geschult und weitergegeben werden, steigt Mart\u00edn nun bei der Feuerwehr Issum insbesondere in [&hellip;]<\/p>\n","protected":false},"author":1,"featured_media":1885,"comment_status":"open","ping_status":"open","sticky":false,"template":"","format":"standard","meta":{"footnotes":""},"categories":[73,80],"tags":[],"class_list":["post-1884","post","type-post","status-publish","format-standard","has-post-thumbnail","hentry","category-loeschzug-sevelen-2","category-lzs-2022"],"_links":{"self":[{"href":"https:\/\/www.feuerwehr-sevelen.de\/index.php?rest_route=\/wp\/v2\/posts\/1884","targetHints":{"allow":["GET"]}}],"collection":[{"href":"https:\/\/www.feuerwehr-sevelen.de\/index.php?rest_route=\/wp\/v2\/posts"}],"about":[{"href":"https:\/\/www.feuerwehr-sevelen.de\/index.php?rest_route=\/wp\/v2\/types\/post"}],"author":[{"embeddable":true,"href":"https:\/\/www.feuerwehr-sevelen.de\/index.php?rest_route=\/wp\/v2\/users\/1"}],"replies":[{"embeddable":true,"href":"https:\/\/www.feuerwehr-sevelen.de\/index.php?rest_route=%2Fwp%2Fv2%2Fcomments&post=1884"}],"version-history":[{"count":1,"href":"https:\/\/www.feuerwehr-sevelen.de\/index.php?rest_route=\/wp\/v2\/posts\/1884\/revisions"}],"predecessor-version":[{"id":1887,"href":"https:\/\/www.feuerwehr-sevelen.de\/index.php?rest_route=\/wp\/v2\/posts\/1884\/revisions\/1887"}],"wp:featuredmedia":[{"embeddable":true,"href":"https:\/\/www.feuerwehr-sevelen.de\/index.php?rest_route=\/wp\/v2\/media\/1885"}],"wp:attachment":[{"href":"https:\/\/www.feuerwehr-sevelen.de\/index.php?rest_route=%2Fwp%2Fv2%2Fmedia&parent=1884"}],"wp:term":[{"taxonomy":"category","embeddable":true,"href":"https:\/\/www.feuerwehr-sevelen.de\/index.php?rest_route=%2Fwp%2Fv2%2Fcategories&post=1884"},{"taxonomy":"post_tag","embeddable":true,"href":"https:\/\/www.feuerwehr-sevelen.de\/index.php?rest_route=%2Fwp%2Fv2%2Ftags&post=1884"}],"curies":[{"name":"wp","href":"https:\/\/api.w.org\/{rel}","templated":true}]}}