{"id":1881,"date":"2023-09-16T13:31:51","date_gmt":"2023-09-16T11:31:51","guid":{"rendered":"https:\/\/test.feuerwehr-sevelen.de\/?p=1881"},"modified":"2023-09-16T13:31:51","modified_gmt":"2023-09-16T11:31:51","slug":"maschinistenlehrgang-bestanden","status":"publish","type":"post","link":"https:\/\/www.feuerwehr-sevelen.de\/?p=1881","title":{"rendered":"Maschinistenlehrgang bestanden"},"content":{"rendered":"<p>Dominik Rauer nahm im M\u00e4rz an der Kreisausbildung \u201eMaschinist f\u00fcr L\u00f6schfahrzeuge\u201c mit Erfolg teil. Neben Pumpen- und Motorenkunde wurde auch L\u00f6schwasserf\u00f6rderung \u00fcber lange Wegstrecken und vieles mehr erlernt. Alle Angeh\u00f6rigen der Feuerwehr gratulieren Dominik, f\u00fcr den es der erste Lehrgang auf Kreisebene war, ganz herzlich zur bestandenen Pr\u00fcfung!<\/p>\n<p><img loading=\"lazy\" decoding=\"async\" class=\"alignnone size-medium wp-image-1882\" src=\"https:\/\/test.feuerwehr-sevelen.de\/wp-content\/uploads\/2023\/09\/277364129_1757139161146283_5066560774966557632_n-300x244.jpg\" alt=\"\" width=\"300\" height=\"244\" srcset=\"https:\/\/www.feuerwehr-sevelen.de\/wp-content\/uploads\/2023\/09\/277364129_1757139161146283_5066560774966557632_n-300x244.jpg 300w, https:\/\/www.feuerwehr-sevelen.de\/wp-content\/uploads\/2023\/09\/277364129_1757139161146283_5066560774966557632_n.jpg 640w\" sizes=\"auto, (max-width: 300px) 100vw, 300px\" \/><\/p>\n<p>&nbsp;<\/p>\n","protected":false},"excerpt":{"rendered":"<p>Dominik Rauer nahm im M\u00e4rz an der Kreisausbildung \u201eMaschinist f\u00fcr L\u00f6schfahrzeuge\u201c mit Erfolg teil. Neben Pumpen- und Motorenkunde wurde auch L\u00f6schwasserf\u00f6rderung \u00fcber lange Wegstrecken und vieles mehr erlernt. Alle Angeh\u00f6rigen der Feuerwehr gratulieren Dominik, f\u00fcr den es der erste Lehrgang auf Kreisebene war, ganz herzlich zur bestandenen Pr\u00fcfung! &nbsp;<\/p>\n","protected":false},"author":1,"featured_media":1882,"comment_status":"open","ping_status":"open","sticky":false,"template":"","format":"standard","meta":{"footnotes":""},"categories":[73,80],"tags":[],"class_list":["post-1881","post","type-post","status-publish","format-standard","has-post-thumbnail","hentry","category-loeschzug-sevelen-2","category-lzs-2022"],"_links":{"self":[{"href":"https:\/\/www.feuerwehr-sevelen.de\/index.php?rest_route=\/wp\/v2\/posts\/1881","targetHints":{"allow":["GET"]}}],"collection":[{"href":"https:\/\/www.feuerwehr-sevelen.de\/index.php?rest_route=\/wp\/v2\/posts"}],"about":[{"href":"https:\/\/www.feuerwehr-sevelen.de\/index.php?rest_route=\/wp\/v2\/types\/post"}],"author":[{"embeddable":true,"href":"https:\/\/www.feuerwehr-sevelen.de\/index.php?rest_route=\/wp\/v2\/users\/1"}],"replies":[{"embeddable":true,"href":"https:\/\/www.feuerwehr-sevelen.de\/index.php?rest_route=%2Fwp%2Fv2%2Fcomments&post=1881"}],"version-history":[{"count":1,"href":"https:\/\/www.feuerwehr-sevelen.de\/index.php?rest_route=\/wp\/v2\/posts\/1881\/revisions"}],"predecessor-version":[{"id":1883,"href":"https:\/\/www.feuerwehr-sevelen.de\/index.php?rest_route=\/wp\/v2\/posts\/1881\/revisions\/1883"}],"wp:featuredmedia":[{"embeddable":true,"href":"https:\/\/www.feuerwehr-sevelen.de\/index.php?rest_route=\/wp\/v2\/media\/1882"}],"wp:attachment":[{"href":"https:\/\/www.feuerwehr-sevelen.de\/index.php?rest_route=%2Fwp%2Fv2%2Fmedia&parent=1881"}],"wp:term":[{"taxonomy":"category","embeddable":true,"href":"https:\/\/www.feuerwehr-sevelen.de\/index.php?rest_route=%2Fwp%2Fv2%2Fcategories&post=1881"},{"taxonomy":"post_tag","embeddable":true,"href":"https:\/\/www.feuerwehr-sevelen.de\/index.php?rest_route=%2Fwp%2Fv2%2Ftags&post=1881"}],"curies":[{"name":"wp","href":"https:\/\/api.w.org\/{rel}","templated":true}]}}