{"id":1845,"date":"2023-09-16T13:17:28","date_gmt":"2023-09-16T11:17:28","guid":{"rendered":"https:\/\/test.feuerwehr-sevelen.de\/?p=1845"},"modified":"2023-09-16T13:17:28","modified_gmt":"2023-09-16T11:17:28","slug":"modul-2-ausbildung-gestartet","status":"publish","type":"post","link":"https:\/\/www.feuerwehr-sevelen.de\/?p=1845","title":{"rendered":"Modul 2 Ausbildung gestartet"},"content":{"rendered":"<div class=\"xdj266r x11i5rnm xat24cr x1mh8g0r x1vvkbs x126k92a\">\n<div dir=\"auto\">Pandemiebedingt wurde die Ausbildung der angehenden Feuerwehrangeh\u00f6rigen im Ausbildungsverbund der Feuerwehren aus Kerken &#8211; Issum &#8211; Kamp-Lintfort &#8211; Rheurdt an den jeweiligen Standorten selbst durchgef\u00fchrt. Aufgrund der Lockerungen ist es nun wieder m\u00f6glich, gemeinsam im Pr\u00e4senzunterricht auszubilden.<\/div>\n<\/div>\n<div class=\"x11i5rnm xat24cr x1mh8g0r x1vvkbs xtlvy1s x126k92a\">\n<div dir=\"auto\">Das Modul 2, Retten und Selbstretten, wird bei der Freiwilligen Feuerwehr Issum ausgebildet. Eine wesentliche Verbesserung stellt als Ausbildungsmittel der bereits fertiggestellte \u00dcbungsturm am neuen Feuerwehrhaus in Sevelen dar. Hier werden verschiedenste Szenarien zielorientiert und praxisnah den Teilnehmern vermittelt, die in den theoretischen Einheiten \u00fcber die Feuerwehrdienstvorschriften gelehrt wurden. Aber auch auf die wesentliche Werte der Freiwilligen Feuerwehr, wie Kameradschaft und Teamgeist, sind Bestandteil solcher Ausbildungsma\u00dfnahmen, die alle Teilnehmer zum Funktionieren einer Freiwilligen Feuerwehr beitragen m\u00fcssen, wird h\u00f6chster Wert gelegt.<\/div>\n<div dir=\"auto\">Des Weiteren konnten einige Verbesserungsvorschl\u00e4ge erarbeitet werden, die bis zur \u00dcbergabe des Geb\u00e4udekomplexes an den L\u00f6schzug Sevelen noch umgesetzt werden k\u00f6nnen.<\/div>\n<\/div>\n<div class=\"x11i5rnm xat24cr x1mh8g0r x1vvkbs xtlvy1s x126k92a\">\n<div dir=\"auto\">Wir w\u00fcnschen allen Teilnehmern des Lehrgangs viel Erfolg bei der Ausbildung und viel Spa\u00df im weiteren Leben bei der Freiwilligen Feuerwehr.<\/div>\n<div dir=\"auto\"><img loading=\"lazy\" decoding=\"async\" class=\"alignnone size-medium wp-image-1850\" src=\"https:\/\/test.feuerwehr-sevelen.de\/wp-content\/uploads\/2023\/09\/280286971_1785775364949329_649949330647361820_n-240x300.jpg\" alt=\"\" width=\"240\" height=\"300\" srcset=\"https:\/\/www.feuerwehr-sevelen.de\/wp-content\/uploads\/2023\/09\/280286971_1785775364949329_649949330647361820_n-240x300.jpg 240w, https:\/\/www.feuerwehr-sevelen.de\/wp-content\/uploads\/2023\/09\/280286971_1785775364949329_649949330647361820_n.jpg 480w\" sizes=\"auto, (max-width: 240px) 100vw, 240px\" \/> <img loading=\"lazy\" decoding=\"async\" class=\"alignnone size-medium wp-image-1849\" src=\"https:\/\/test.feuerwehr-sevelen.de\/wp-content\/uploads\/2023\/09\/280361530_1785775368282662_6390136525740258232_n-240x300.jpg\" alt=\"\" width=\"240\" height=\"300\" srcset=\"https:\/\/www.feuerwehr-sevelen.de\/wp-content\/uploads\/2023\/09\/280361530_1785775368282662_6390136525740258232_n-240x300.jpg 240w, https:\/\/www.feuerwehr-sevelen.de\/wp-content\/uploads\/2023\/09\/280361530_1785775368282662_6390136525740258232_n.jpg 480w\" sizes=\"auto, (max-width: 240px) 100vw, 240px\" \/> <img loading=\"lazy\" decoding=\"async\" class=\"alignnone size-medium wp-image-1848\" src=\"https:\/\/test.feuerwehr-sevelen.de\/wp-content\/uploads\/2023\/09\/280323188_1785775371615995_331923356020864310_n-240x300.jpg\" alt=\"\" width=\"240\" height=\"300\" srcset=\"https:\/\/www.feuerwehr-sevelen.de\/wp-content\/uploads\/2023\/09\/280323188_1785775371615995_331923356020864310_n-240x300.jpg 240w, https:\/\/www.feuerwehr-sevelen.de\/wp-content\/uploads\/2023\/09\/280323188_1785775371615995_331923356020864310_n.jpg 480w\" sizes=\"auto, (max-width: 240px) 100vw, 240px\" \/> <img loading=\"lazy\" decoding=\"async\" class=\"alignnone size-medium wp-image-1847\" src=\"https:\/\/test.feuerwehr-sevelen.de\/wp-content\/uploads\/2023\/09\/280330833_1785775378282661_1943554560457928928_n-240x300.jpg\" alt=\"\" width=\"240\" height=\"300\" srcset=\"https:\/\/www.feuerwehr-sevelen.de\/wp-content\/uploads\/2023\/09\/280330833_1785775378282661_1943554560457928928_n-240x300.jpg 240w, https:\/\/www.feuerwehr-sevelen.de\/wp-content\/uploads\/2023\/09\/280330833_1785775378282661_1943554560457928928_n.jpg 480w\" sizes=\"auto, (max-width: 240px) 100vw, 240px\" \/> <img loading=\"lazy\" decoding=\"async\" class=\"alignnone size-medium wp-image-1846\" src=\"https:\/\/test.feuerwehr-sevelen.de\/wp-content\/uploads\/2023\/09\/280275751_1785775374949328_4685679916274504147_n-240x300.jpg\" alt=\"\" width=\"240\" height=\"300\" srcset=\"https:\/\/www.feuerwehr-sevelen.de\/wp-content\/uploads\/2023\/09\/280275751_1785775374949328_4685679916274504147_n-240x300.jpg 240w, https:\/\/www.feuerwehr-sevelen.de\/wp-content\/uploads\/2023\/09\/280275751_1785775374949328_4685679916274504147_n.jpg 480w\" sizes=\"auto, (max-width: 240px) 100vw, 240px\" \/><\/div>\n<\/div>\n","protected":false},"excerpt":{"rendered":"<p>Pandemiebedingt wurde die Ausbildung der angehenden Feuerwehrangeh\u00f6rigen im Ausbildungsverbund der Feuerwehren aus Kerken &#8211; Issum &#8211; Kamp-Lintfort &#8211; Rheurdt an den jeweiligen Standorten selbst durchgef\u00fchrt. Aufgrund der Lockerungen ist es nun wieder m\u00f6glich, gemeinsam im Pr\u00e4senzunterricht auszubilden. Das Modul 2, Retten und Selbstretten, wird bei der Freiwilligen Feuerwehr Issum ausgebildet. Eine wesentliche Verbesserung stellt als [&hellip;]<\/p>\n","protected":false},"author":1,"featured_media":1850,"comment_status":"open","ping_status":"open","sticky":false,"template":"","format":"gallery","meta":{"footnotes":""},"categories":[6,66],"tags":[],"class_list":["post-1845","post","type-post","status-publish","format-gallery","has-post-thumbnail","hentry","category-aktuelles","category-aktuelles-2022","post_format-post-format-gallery"],"_links":{"self":[{"href":"https:\/\/www.feuerwehr-sevelen.de\/index.php?rest_route=\/wp\/v2\/posts\/1845","targetHints":{"allow":["GET"]}}],"collection":[{"href":"https:\/\/www.feuerwehr-sevelen.de\/index.php?rest_route=\/wp\/v2\/posts"}],"about":[{"href":"https:\/\/www.feuerwehr-sevelen.de\/index.php?rest_route=\/wp\/v2\/types\/post"}],"author":[{"embeddable":true,"href":"https:\/\/www.feuerwehr-sevelen.de\/index.php?rest_route=\/wp\/v2\/users\/1"}],"replies":[{"embeddable":true,"href":"https:\/\/www.feuerwehr-sevelen.de\/index.php?rest_route=%2Fwp%2Fv2%2Fcomments&post=1845"}],"version-history":[{"count":1,"href":"https:\/\/www.feuerwehr-sevelen.de\/index.php?rest_route=\/wp\/v2\/posts\/1845\/revisions"}],"predecessor-version":[{"id":1851,"href":"https:\/\/www.feuerwehr-sevelen.de\/index.php?rest_route=\/wp\/v2\/posts\/1845\/revisions\/1851"}],"wp:featuredmedia":[{"embeddable":true,"href":"https:\/\/www.feuerwehr-sevelen.de\/index.php?rest_route=\/wp\/v2\/media\/1850"}],"wp:attachment":[{"href":"https:\/\/www.feuerwehr-sevelen.de\/index.php?rest_route=%2Fwp%2Fv2%2Fmedia&parent=1845"}],"wp:term":[{"taxonomy":"category","embeddable":true,"href":"https:\/\/www.feuerwehr-sevelen.de\/index.php?rest_route=%2Fwp%2Fv2%2Fcategories&post=1845"},{"taxonomy":"post_tag","embeddable":true,"href":"https:\/\/www.feuerwehr-sevelen.de\/index.php?rest_route=%2Fwp%2Fv2%2Ftags&post=1845"}],"curies":[{"name":"wp","href":"https:\/\/api.w.org\/{rel}","templated":true}]}}