{"id":1826,"date":"2023-09-16T13:09:52","date_gmt":"2023-09-16T11:09:52","guid":{"rendered":"https:\/\/test.feuerwehr-sevelen.de\/?p=1826"},"modified":"2023-09-16T13:09:52","modified_gmt":"2023-09-16T11:09:52","slug":"abc-1-lehrgang-bestanden","status":"publish","type":"post","link":"https:\/\/www.feuerwehr-sevelen.de\/?p=1826","title":{"rendered":"ABC 1 Lehrgang bestanden"},"content":{"rendered":"<div dir=\"auto\">Seit dem 21.03.2022 nahm Maurice L\u00fcning vom L\u00f6schzug Sevelen an einen ABC-Lehrgang am Kreisfeuerwehrhaus in Goch teil, die letzten Pr\u00fcfungen legte er heute (14.05.2022) mit Erfolg ab.<\/div>\n<div dir=\"auto\">Dieser rund 72 Stunden dauernde Lehrgang auf Kreisebene schult die Feuerwehrangeh\u00f6rigen im Umgang mit Atomaren, Biologischen und Chemischen Stoffen und stellt theoretisch wie auch praktisch eine ganz besondere Herausforderung dar.<\/div>\n<div dir=\"auto\">Alle Angeh\u00f6rigen der Freiwilligen Feuerwehr Issum gratulieren Maurice,\u00a0sowie allen anderen Teilnehmern, ganz herzlich zum bestandenen Lehrgang!<\/div>\n<div dir=\"auto\"><img loading=\"lazy\" decoding=\"async\" class=\"alignnone size-medium wp-image-1827\" src=\"https:\/\/test.feuerwehr-sevelen.de\/wp-content\/uploads\/2023\/09\/281172728_1790861911107341_1625114926969086059_n-240x300.jpg\" alt=\"\" width=\"240\" height=\"300\" srcset=\"https:\/\/www.feuerwehr-sevelen.de\/wp-content\/uploads\/2023\/09\/281172728_1790861911107341_1625114926969086059_n-240x300.jpg 240w, https:\/\/www.feuerwehr-sevelen.de\/wp-content\/uploads\/2023\/09\/281172728_1790861911107341_1625114926969086059_n.jpg 480w\" sizes=\"auto, (max-width: 240px) 100vw, 240px\" \/> <img loading=\"lazy\" decoding=\"async\" class=\"alignnone size-medium wp-image-1828\" src=\"https:\/\/test.feuerwehr-sevelen.de\/wp-content\/uploads\/2023\/09\/281145466_1790861914440674_491473727582988829_n-240x300.jpg\" alt=\"\" width=\"240\" height=\"300\" srcset=\"https:\/\/www.feuerwehr-sevelen.de\/wp-content\/uploads\/2023\/09\/281145466_1790861914440674_491473727582988829_n-240x300.jpg 240w, https:\/\/www.feuerwehr-sevelen.de\/wp-content\/uploads\/2023\/09\/281145466_1790861914440674_491473727582988829_n.jpg 480w\" sizes=\"auto, (max-width: 240px) 100vw, 240px\" \/> <img loading=\"lazy\" decoding=\"async\" class=\"alignnone size-medium wp-image-1829\" src=\"https:\/\/test.feuerwehr-sevelen.de\/wp-content\/uploads\/2023\/09\/281240732_1790861907774008_8524459432279222781_n-240x300.jpg\" alt=\"\" width=\"240\" height=\"300\" srcset=\"https:\/\/www.feuerwehr-sevelen.de\/wp-content\/uploads\/2023\/09\/281240732_1790861907774008_8524459432279222781_n-240x300.jpg 240w, https:\/\/www.feuerwehr-sevelen.de\/wp-content\/uploads\/2023\/09\/281240732_1790861907774008_8524459432279222781_n.jpg 480w\" sizes=\"auto, (max-width: 240px) 100vw, 240px\" \/><\/div>\n","protected":false},"excerpt":{"rendered":"<p>Seit dem 21.03.2022 nahm Maurice L\u00fcning vom L\u00f6schzug Sevelen an einen ABC-Lehrgang am Kreisfeuerwehrhaus in Goch teil, die letzten Pr\u00fcfungen legte er heute (14.05.2022) mit Erfolg ab. Dieser rund 72 Stunden dauernde Lehrgang auf Kreisebene schult die Feuerwehrangeh\u00f6rigen im Umgang mit Atomaren, Biologischen und Chemischen Stoffen und stellt theoretisch wie auch praktisch eine ganz besondere [&hellip;]<\/p>\n","protected":false},"author":1,"featured_media":1829,"comment_status":"open","ping_status":"open","sticky":false,"template":"","format":"gallery","meta":{"footnotes":""},"categories":[73,80],"tags":[],"class_list":["post-1826","post","type-post","status-publish","format-gallery","has-post-thumbnail","hentry","category-loeschzug-sevelen-2","category-lzs-2022","post_format-post-format-gallery"],"_links":{"self":[{"href":"https:\/\/www.feuerwehr-sevelen.de\/index.php?rest_route=\/wp\/v2\/posts\/1826","targetHints":{"allow":["GET"]}}],"collection":[{"href":"https:\/\/www.feuerwehr-sevelen.de\/index.php?rest_route=\/wp\/v2\/posts"}],"about":[{"href":"https:\/\/www.feuerwehr-sevelen.de\/index.php?rest_route=\/wp\/v2\/types\/post"}],"author":[{"embeddable":true,"href":"https:\/\/www.feuerwehr-sevelen.de\/index.php?rest_route=\/wp\/v2\/users\/1"}],"replies":[{"embeddable":true,"href":"https:\/\/www.feuerwehr-sevelen.de\/index.php?rest_route=%2Fwp%2Fv2%2Fcomments&post=1826"}],"version-history":[{"count":1,"href":"https:\/\/www.feuerwehr-sevelen.de\/index.php?rest_route=\/wp\/v2\/posts\/1826\/revisions"}],"predecessor-version":[{"id":1830,"href":"https:\/\/www.feuerwehr-sevelen.de\/index.php?rest_route=\/wp\/v2\/posts\/1826\/revisions\/1830"}],"wp:featuredmedia":[{"embeddable":true,"href":"https:\/\/www.feuerwehr-sevelen.de\/index.php?rest_route=\/wp\/v2\/media\/1829"}],"wp:attachment":[{"href":"https:\/\/www.feuerwehr-sevelen.de\/index.php?rest_route=%2Fwp%2Fv2%2Fmedia&parent=1826"}],"wp:term":[{"taxonomy":"category","embeddable":true,"href":"https:\/\/www.feuerwehr-sevelen.de\/index.php?rest_route=%2Fwp%2Fv2%2Fcategories&post=1826"},{"taxonomy":"post_tag","embeddable":true,"href":"https:\/\/www.feuerwehr-sevelen.de\/index.php?rest_route=%2Fwp%2Fv2%2Ftags&post=1826"}],"curies":[{"name":"wp","href":"https:\/\/api.w.org\/{rel}","templated":true}]}}