{"id":1816,"date":"2023-09-16T12:44:57","date_gmt":"2023-09-16T10:44:57","guid":{"rendered":"https:\/\/test.feuerwehr-sevelen.de\/?p=1816"},"modified":"2023-09-16T12:44:57","modified_gmt":"2023-09-16T10:44:57","slug":"brandschutzerziehung-lz-sevelen-2","status":"publish","type":"post","link":"https:\/\/www.feuerwehr-sevelen.de\/?p=1816","title":{"rendered":"Brandschutzerziehung LZ Sevelen"},"content":{"rendered":"<p>Mirko N\u00f6sler und sein Team f\u00fchrten am heutigen Dienstag (17.05.2022) die beliebte Brandschutzerziehung am St. Antonius Kindergarten in Sevelen durch. Pandemiebedingt war diese Grundaufgabe gem\u00e4\u00df des Gesetzes \u00fcber den Brandschutz, die Hilfeleistung und des Katastrophenschutzes (BHKG) in der letzten Zeit leider etwas zu kurz gekommen. Umso gr\u00f6\u00dfer war die Freude den Erfolg zu erkennen, der sich in den zufriedenen Gesichtern der Kinder und Erzieherinnen, die zum Gelingen des Nachmittags beitrugen, widerspiegelte.<\/p>\n<p><img loading=\"lazy\" decoding=\"async\" class=\"alignnone size-medium wp-image-1817\" src=\"https:\/\/test.feuerwehr-sevelen.de\/wp-content\/uploads\/2023\/09\/281547507_1793098090883723_5122840393731265415_n-240x300.jpg\" alt=\"\" width=\"240\" height=\"300\" srcset=\"https:\/\/www.feuerwehr-sevelen.de\/wp-content\/uploads\/2023\/09\/281547507_1793098090883723_5122840393731265415_n-240x300.jpg 240w, https:\/\/www.feuerwehr-sevelen.de\/wp-content\/uploads\/2023\/09\/281547507_1793098090883723_5122840393731265415_n.jpg 480w\" sizes=\"auto, (max-width: 240px) 100vw, 240px\" \/> <img loading=\"lazy\" decoding=\"async\" class=\"alignnone size-medium wp-image-1818\" src=\"https:\/\/test.feuerwehr-sevelen.de\/wp-content\/uploads\/2023\/09\/281572724_1793098094217056_6870062265984252274_n-240x300.jpg\" alt=\"\" width=\"240\" height=\"300\" srcset=\"https:\/\/www.feuerwehr-sevelen.de\/wp-content\/uploads\/2023\/09\/281572724_1793098094217056_6870062265984252274_n-240x300.jpg 240w, https:\/\/www.feuerwehr-sevelen.de\/wp-content\/uploads\/2023\/09\/281572724_1793098094217056_6870062265984252274_n.jpg 480w\" sizes=\"auto, (max-width: 240px) 100vw, 240px\" \/><\/p>\n<p>&nbsp;<\/p>\n","protected":false},"excerpt":{"rendered":"<p>Mirko N\u00f6sler und sein Team f\u00fchrten am heutigen Dienstag (17.05.2022) die beliebte Brandschutzerziehung am St. Antonius Kindergarten in Sevelen durch. Pandemiebedingt war diese Grundaufgabe gem\u00e4\u00df des Gesetzes \u00fcber den Brandschutz, die Hilfeleistung und des Katastrophenschutzes (BHKG) in der letzten Zeit leider etwas zu kurz gekommen. Umso gr\u00f6\u00dfer war die Freude den Erfolg zu erkennen, der [&hellip;]<\/p>\n","protected":false},"author":1,"featured_media":1817,"comment_status":"open","ping_status":"open","sticky":false,"template":"","format":"gallery","meta":{"footnotes":""},"categories":[73,80],"tags":[],"class_list":["post-1816","post","type-post","status-publish","format-gallery","has-post-thumbnail","hentry","category-loeschzug-sevelen-2","category-lzs-2022","post_format-post-format-gallery"],"_links":{"self":[{"href":"https:\/\/www.feuerwehr-sevelen.de\/index.php?rest_route=\/wp\/v2\/posts\/1816","targetHints":{"allow":["GET"]}}],"collection":[{"href":"https:\/\/www.feuerwehr-sevelen.de\/index.php?rest_route=\/wp\/v2\/posts"}],"about":[{"href":"https:\/\/www.feuerwehr-sevelen.de\/index.php?rest_route=\/wp\/v2\/types\/post"}],"author":[{"embeddable":true,"href":"https:\/\/www.feuerwehr-sevelen.de\/index.php?rest_route=\/wp\/v2\/users\/1"}],"replies":[{"embeddable":true,"href":"https:\/\/www.feuerwehr-sevelen.de\/index.php?rest_route=%2Fwp%2Fv2%2Fcomments&post=1816"}],"version-history":[{"count":1,"href":"https:\/\/www.feuerwehr-sevelen.de\/index.php?rest_route=\/wp\/v2\/posts\/1816\/revisions"}],"predecessor-version":[{"id":1819,"href":"https:\/\/www.feuerwehr-sevelen.de\/index.php?rest_route=\/wp\/v2\/posts\/1816\/revisions\/1819"}],"wp:featuredmedia":[{"embeddable":true,"href":"https:\/\/www.feuerwehr-sevelen.de\/index.php?rest_route=\/wp\/v2\/media\/1817"}],"wp:attachment":[{"href":"https:\/\/www.feuerwehr-sevelen.de\/index.php?rest_route=%2Fwp%2Fv2%2Fmedia&parent=1816"}],"wp:term":[{"taxonomy":"category","embeddable":true,"href":"https:\/\/www.feuerwehr-sevelen.de\/index.php?rest_route=%2Fwp%2Fv2%2Fcategories&post=1816"},{"taxonomy":"post_tag","embeddable":true,"href":"https:\/\/www.feuerwehr-sevelen.de\/index.php?rest_route=%2Fwp%2Fv2%2Ftags&post=1816"}],"curies":[{"name":"wp","href":"https:\/\/api.w.org\/{rel}","templated":true}]}}