{"id":1738,"date":"2023-09-16T01:30:58","date_gmt":"2023-09-15T23:30:58","guid":{"rendered":"https:\/\/test.feuerwehr-sevelen.de\/?p=1738"},"modified":"2023-09-16T01:30:58","modified_gmt":"2023-09-15T23:30:58","slug":"start-probebetrieb-feuerwache-sevelen","status":"publish","type":"post","link":"https:\/\/www.feuerwehr-sevelen.de\/?p=1738","title":{"rendered":"Start Probebetrieb Feuerwache Sevelen"},"content":{"rendered":"<div dir=\"auto\">In den letzten Wochen hat sich beim L\u00f6schzug Sevelen viel getan: Die Ger\u00e4tschaften und Einrichtungen wurden vom Feuerwehrhaus an der Nieukerker Stra\u00dfe zum neuem Domizil an der Hoerstgener Stra\u00dfe gebracht und eingelagert.<\/div>\n<div dir=\"auto\">Am heutigen Samstag, 06.08.2022, ziehen vorl\u00e4ufig die Angeh\u00f6rigen des L\u00f6schzuges Sevelen mit allen Fahrzeugen und Ausr\u00fcstungsgegenst\u00e4nden in das neue Zuhause, um von dort einen rund sechs w\u00f6chigen Probetrieb zu starten. Die feierliche \u00dcbergabe und Einweihung findet am 24.09.2022 ab 12:00 Uhr mit einem Tag der offenen T\u00fcr statt, der von allen Freunden, G\u00f6nnern, Nachbarn und Interessierten besucht werden darf.<\/div>\n<div dir=\"auto\">Der Probebetrieb ist Notwendig, um zum Beispiel letzte Optimierungen vorzunehmen zum k\u00f6nnen, bevor das Dienstgeschehen in den Regelbetrieb \u00fcbergeht.<\/div>\n<div dir=\"auto\">Somit wird nach 53 Jahren das alte Ger\u00e4tehaus an der Nieukerker Stra\u00dfe 16 aufgegeben und nach rund 21 monatiger Bauzeit das neue Feuerwehrhaus an der Hoerstgener Stra\u00dfe 9 bezogen. Erste Eindr\u00fccke vom neuen Domizil sowie vom Probebetrieb ver\u00f6ffentlichen wir auf unseren Socialmedia Plattformen.<\/div>\n<div dir=\"auto\"><img loading=\"lazy\" decoding=\"async\" class=\"alignnone size-medium wp-image-1739\" src=\"https:\/\/test.feuerwehr-sevelen.de\/wp-content\/uploads\/2023\/09\/IMG_2004-300x225.jpeg\" alt=\"\" width=\"300\" height=\"225\" srcset=\"https:\/\/www.feuerwehr-sevelen.de\/wp-content\/uploads\/2023\/09\/IMG_2004-300x225.jpeg 300w, https:\/\/www.feuerwehr-sevelen.de\/wp-content\/uploads\/2023\/09\/IMG_2004.jpeg 769w\" sizes=\"auto, (max-width: 300px) 100vw, 300px\" \/> <img loading=\"lazy\" decoding=\"async\" class=\"alignnone size-medium wp-image-1740\" src=\"https:\/\/test.feuerwehr-sevelen.de\/wp-content\/uploads\/2023\/09\/IMG_2005-300x225.jpeg\" alt=\"\" width=\"300\" height=\"225\" srcset=\"https:\/\/www.feuerwehr-sevelen.de\/wp-content\/uploads\/2023\/09\/IMG_2005-300x225.jpeg 300w, https:\/\/www.feuerwehr-sevelen.de\/wp-content\/uploads\/2023\/09\/IMG_2005.jpeg 769w\" sizes=\"auto, (max-width: 300px) 100vw, 300px\" \/> <img loading=\"lazy\" decoding=\"async\" class=\"alignnone size-medium wp-image-1741\" src=\"https:\/\/test.feuerwehr-sevelen.de\/wp-content\/uploads\/2023\/09\/IMG_2006-300x225.jpeg\" alt=\"\" width=\"300\" height=\"225\" srcset=\"https:\/\/www.feuerwehr-sevelen.de\/wp-content\/uploads\/2023\/09\/IMG_2006-300x225.jpeg 300w, https:\/\/www.feuerwehr-sevelen.de\/wp-content\/uploads\/2023\/09\/IMG_2006.jpeg 769w\" sizes=\"auto, (max-width: 300px) 100vw, 300px\" \/> <img loading=\"lazy\" decoding=\"async\" class=\"alignnone size-medium wp-image-1742\" src=\"https:\/\/test.feuerwehr-sevelen.de\/wp-content\/uploads\/2023\/09\/IMG_2007-300x225.jpeg\" alt=\"\" width=\"300\" height=\"225\" srcset=\"https:\/\/www.feuerwehr-sevelen.de\/wp-content\/uploads\/2023\/09\/IMG_2007-300x225.jpeg 300w, https:\/\/www.feuerwehr-sevelen.de\/wp-content\/uploads\/2023\/09\/IMG_2007.jpeg 769w\" sizes=\"auto, (max-width: 300px) 100vw, 300px\" \/> <img loading=\"lazy\" decoding=\"async\" class=\"alignnone size-medium wp-image-1743\" src=\"https:\/\/test.feuerwehr-sevelen.de\/wp-content\/uploads\/2023\/09\/IMG_2008-300x225.jpeg\" alt=\"\" width=\"300\" height=\"225\" srcset=\"https:\/\/www.feuerwehr-sevelen.de\/wp-content\/uploads\/2023\/09\/IMG_2008-300x225.jpeg 300w, https:\/\/www.feuerwehr-sevelen.de\/wp-content\/uploads\/2023\/09\/IMG_2008.jpeg 769w\" sizes=\"auto, (max-width: 300px) 100vw, 300px\" \/><\/div>\n","protected":false},"excerpt":{"rendered":"<p>In den letzten Wochen hat sich beim L\u00f6schzug Sevelen viel getan: Die Ger\u00e4tschaften und Einrichtungen wurden vom Feuerwehrhaus an der Nieukerker Stra\u00dfe zum neuem Domizil an der Hoerstgener Stra\u00dfe gebracht und eingelagert. Am heutigen Samstag, 06.08.2022, ziehen vorl\u00e4ufig die Angeh\u00f6rigen des L\u00f6schzuges Sevelen mit allen Fahrzeugen und Ausr\u00fcstungsgegenst\u00e4nden in das neue Zuhause, um von dort [&hellip;]<\/p>\n","protected":false},"author":1,"featured_media":1741,"comment_status":"open","ping_status":"open","sticky":false,"template":"","format":"gallery","meta":{"footnotes":""},"categories":[73,80],"tags":[],"class_list":["post-1738","post","type-post","status-publish","format-gallery","has-post-thumbnail","hentry","category-loeschzug-sevelen-2","category-lzs-2022","post_format-post-format-gallery"],"_links":{"self":[{"href":"https:\/\/www.feuerwehr-sevelen.de\/index.php?rest_route=\/wp\/v2\/posts\/1738","targetHints":{"allow":["GET"]}}],"collection":[{"href":"https:\/\/www.feuerwehr-sevelen.de\/index.php?rest_route=\/wp\/v2\/posts"}],"about":[{"href":"https:\/\/www.feuerwehr-sevelen.de\/index.php?rest_route=\/wp\/v2\/types\/post"}],"author":[{"embeddable":true,"href":"https:\/\/www.feuerwehr-sevelen.de\/index.php?rest_route=\/wp\/v2\/users\/1"}],"replies":[{"embeddable":true,"href":"https:\/\/www.feuerwehr-sevelen.de\/index.php?rest_route=%2Fwp%2Fv2%2Fcomments&post=1738"}],"version-history":[{"count":1,"href":"https:\/\/www.feuerwehr-sevelen.de\/index.php?rest_route=\/wp\/v2\/posts\/1738\/revisions"}],"predecessor-version":[{"id":1744,"href":"https:\/\/www.feuerwehr-sevelen.de\/index.php?rest_route=\/wp\/v2\/posts\/1738\/revisions\/1744"}],"wp:featuredmedia":[{"embeddable":true,"href":"https:\/\/www.feuerwehr-sevelen.de\/index.php?rest_route=\/wp\/v2\/media\/1741"}],"wp:attachment":[{"href":"https:\/\/www.feuerwehr-sevelen.de\/index.php?rest_route=%2Fwp%2Fv2%2Fmedia&parent=1738"}],"wp:term":[{"taxonomy":"category","embeddable":true,"href":"https:\/\/www.feuerwehr-sevelen.de\/index.php?rest_route=%2Fwp%2Fv2%2Fcategories&post=1738"},{"taxonomy":"post_tag","embeddable":true,"href":"https:\/\/www.feuerwehr-sevelen.de\/index.php?rest_route=%2Fwp%2Fv2%2Ftags&post=1738"}],"curies":[{"name":"wp","href":"https:\/\/api.w.org\/{rel}","templated":true}]}}