{"id":1707,"date":"2023-09-16T01:19:14","date_gmt":"2023-09-15T23:19:14","guid":{"rendered":"https:\/\/test.feuerwehr-sevelen.de\/?p=1707"},"modified":"2023-09-16T01:19:14","modified_gmt":"2023-09-15T23:19:14","slug":"update-feuerwehrfest-lz-sevelen","status":"publish","type":"post","link":"https:\/\/www.feuerwehr-sevelen.de\/?p=1707","title":{"rendered":"Update Feuerwehrfest LZ Sevelen"},"content":{"rendered":"<div dir=\"auto\">Vielen Dank an das tolle Publikum, das zum Gelingen unseres Feuerwehrfestes beigetragen hat! Es war eine sehr sch\u00f6ne Kinderolympiade mit vielen gl\u00fccklichen Gesichtern, ihr wart super T\u00e4nzer, 1a Ruderer und wahnsinnig tolle Gespr\u00e4chspartner.<\/div>\n<div dir=\"auto\">Danke-Danke-Danke, die Kameraden des L\u00f6schzuges Sevelen freuen sich schon jetzt auf das Wiedersehen im kommenden Jahr!<\/div>\n<div dir=\"auto\"><img loading=\"lazy\" decoding=\"async\" class=\"alignnone size-medium wp-image-1708\" src=\"https:\/\/test.feuerwehr-sevelen.de\/wp-content\/uploads\/2023\/09\/IMG_1984-300x171.jpeg\" alt=\"\" width=\"300\" height=\"171\" srcset=\"https:\/\/www.feuerwehr-sevelen.de\/wp-content\/uploads\/2023\/09\/IMG_1984-300x171.jpeg 300w, https:\/\/www.feuerwehr-sevelen.de\/wp-content\/uploads\/2023\/09\/IMG_1984.jpeg 582w\" sizes=\"auto, (max-width: 300px) 100vw, 300px\" \/> <img loading=\"lazy\" decoding=\"async\" class=\"alignnone size-medium wp-image-1709\" src=\"https:\/\/test.feuerwehr-sevelen.de\/wp-content\/uploads\/2023\/09\/IMG_1985-300x171.jpeg\" alt=\"\" width=\"300\" height=\"171\" srcset=\"https:\/\/www.feuerwehr-sevelen.de\/wp-content\/uploads\/2023\/09\/IMG_1985-300x171.jpeg 300w, https:\/\/www.feuerwehr-sevelen.de\/wp-content\/uploads\/2023\/09\/IMG_1985.jpeg 582w\" sizes=\"auto, (max-width: 300px) 100vw, 300px\" \/> <img loading=\"lazy\" decoding=\"async\" class=\"alignnone size-medium wp-image-1710\" src=\"https:\/\/test.feuerwehr-sevelen.de\/wp-content\/uploads\/2023\/09\/IMG_1986-300x171.jpeg\" alt=\"\" width=\"300\" height=\"171\" srcset=\"https:\/\/www.feuerwehr-sevelen.de\/wp-content\/uploads\/2023\/09\/IMG_1986-300x171.jpeg 300w, https:\/\/www.feuerwehr-sevelen.de\/wp-content\/uploads\/2023\/09\/IMG_1986.jpeg 582w\" sizes=\"auto, (max-width: 300px) 100vw, 300px\" \/> <img loading=\"lazy\" decoding=\"async\" class=\"alignnone size-medium wp-image-1711\" src=\"https:\/\/test.feuerwehr-sevelen.de\/wp-content\/uploads\/2023\/09\/IMG_1987-300x171.jpeg\" alt=\"\" width=\"300\" height=\"171\" srcset=\"https:\/\/www.feuerwehr-sevelen.de\/wp-content\/uploads\/2023\/09\/IMG_1987-300x171.jpeg 300w, https:\/\/www.feuerwehr-sevelen.de\/wp-content\/uploads\/2023\/09\/IMG_1987.jpeg 582w\" sizes=\"auto, (max-width: 300px) 100vw, 300px\" \/><\/div>\n","protected":false},"excerpt":{"rendered":"<p>Vielen Dank an das tolle Publikum, das zum Gelingen unseres Feuerwehrfestes beigetragen hat! Es war eine sehr sch\u00f6ne Kinderolympiade mit vielen gl\u00fccklichen Gesichtern, ihr wart super T\u00e4nzer, 1a Ruderer und wahnsinnig tolle Gespr\u00e4chspartner. Danke-Danke-Danke, die Kameraden des L\u00f6schzuges Sevelen freuen sich schon jetzt auf das Wiedersehen im kommenden Jahr!<\/p>\n","protected":false},"author":1,"featured_media":1708,"comment_status":"open","ping_status":"open","sticky":false,"template":"","format":"gallery","meta":{"footnotes":""},"categories":[73,80],"tags":[],"class_list":["post-1707","post","type-post","status-publish","format-gallery","has-post-thumbnail","hentry","category-loeschzug-sevelen-2","category-lzs-2022","post_format-post-format-gallery"],"_links":{"self":[{"href":"https:\/\/www.feuerwehr-sevelen.de\/index.php?rest_route=\/wp\/v2\/posts\/1707","targetHints":{"allow":["GET"]}}],"collection":[{"href":"https:\/\/www.feuerwehr-sevelen.de\/index.php?rest_route=\/wp\/v2\/posts"}],"about":[{"href":"https:\/\/www.feuerwehr-sevelen.de\/index.php?rest_route=\/wp\/v2\/types\/post"}],"author":[{"embeddable":true,"href":"https:\/\/www.feuerwehr-sevelen.de\/index.php?rest_route=\/wp\/v2\/users\/1"}],"replies":[{"embeddable":true,"href":"https:\/\/www.feuerwehr-sevelen.de\/index.php?rest_route=%2Fwp%2Fv2%2Fcomments&post=1707"}],"version-history":[{"count":1,"href":"https:\/\/www.feuerwehr-sevelen.de\/index.php?rest_route=\/wp\/v2\/posts\/1707\/revisions"}],"predecessor-version":[{"id":1712,"href":"https:\/\/www.feuerwehr-sevelen.de\/index.php?rest_route=\/wp\/v2\/posts\/1707\/revisions\/1712"}],"wp:featuredmedia":[{"embeddable":true,"href":"https:\/\/www.feuerwehr-sevelen.de\/index.php?rest_route=\/wp\/v2\/media\/1708"}],"wp:attachment":[{"href":"https:\/\/www.feuerwehr-sevelen.de\/index.php?rest_route=%2Fwp%2Fv2%2Fmedia&parent=1707"}],"wp:term":[{"taxonomy":"category","embeddable":true,"href":"https:\/\/www.feuerwehr-sevelen.de\/index.php?rest_route=%2Fwp%2Fv2%2Fcategories&post=1707"},{"taxonomy":"post_tag","embeddable":true,"href":"https:\/\/www.feuerwehr-sevelen.de\/index.php?rest_route=%2Fwp%2Fv2%2Ftags&post=1707"}],"curies":[{"name":"wp","href":"https:\/\/api.w.org\/{rel}","templated":true}]}}