{"id":1699,"date":"2023-09-16T01:15:22","date_gmt":"2023-09-15T23:15:22","guid":{"rendered":"https:\/\/test.feuerwehr-sevelen.de\/?p=1699"},"modified":"2023-09-16T01:15:22","modified_gmt":"2023-09-15T23:15:22","slug":"sevelener-feuerwehrhaus-als-modell","status":"publish","type":"post","link":"https:\/\/www.feuerwehr-sevelen.de\/?p=1699","title":{"rendered":"Sevelener Feuerwehrhaus als Modell"},"content":{"rendered":"<div dir=\"auto\">Das neue Sevelener Feuerwehrhaus gibt es jetzt auch zum Mitnehmen: Ein Modelleisenbahnhersteller aus Issum hat die Fahrzeughalle, den \u00dcbungsturm sowie das Verwaltungsgeb\u00e4ude in den Ma\u00dfst\u00e4ben 1:87 (H0) und 1:160 <span class=\"x3nfvp2 x1j61x8r x1fcty0u xdj266r xhhsvwb xat24cr xgzva0m xxymvpz xlup9mm x1kky2od\"><img loading=\"lazy\" decoding=\"async\" src=\"https:\/\/static.xx.fbcdn.net\/images\/emoji.php\/v9\/t1c\/2\/16\/1f44e.png\" alt=\"\ud83d\udc4e\" width=\"16\" height=\"16\" \/><\/span> detailgetreu nachgebaut.<\/div>\n<div dir=\"auto\">Beim Anblick der Modelle von den Geb\u00e4uden schl\u00e4gt einem jeden Liebhaber das Herz h\u00f6her. Die Baus\u00e4tze k\u00f6nnen ab sofort auf den Anlagen und in den Dioramen aufgestellt werden.<\/div>\n<div dir=\"auto\"><img loading=\"lazy\" decoding=\"async\" class=\"alignnone size-medium wp-image-1700\" src=\"https:\/\/test.feuerwehr-sevelen.de\/wp-content\/uploads\/2023\/09\/IMG_1980-300x200.jpeg\" alt=\"\" width=\"300\" height=\"200\" srcset=\"https:\/\/www.feuerwehr-sevelen.de\/wp-content\/uploads\/2023\/09\/IMG_1980-300x200.jpeg 300w, https:\/\/www.feuerwehr-sevelen.de\/wp-content\/uploads\/2023\/09\/IMG_1980-1024x682.jpeg 1024w, https:\/\/www.feuerwehr-sevelen.de\/wp-content\/uploads\/2023\/09\/IMG_1980-768x511.jpeg 768w, https:\/\/www.feuerwehr-sevelen.de\/wp-content\/uploads\/2023\/09\/IMG_1980.jpeg 1440w\" sizes=\"auto, (max-width: 300px) 100vw, 300px\" \/><\/div>\n","protected":false},"excerpt":{"rendered":"<p>Das neue Sevelener Feuerwehrhaus gibt es jetzt auch zum Mitnehmen: Ein Modelleisenbahnhersteller aus Issum hat die Fahrzeughalle, den \u00dcbungsturm sowie das Verwaltungsgeb\u00e4ude in den Ma\u00dfst\u00e4ben 1:87 (H0) und 1:160 detailgetreu nachgebaut. Beim Anblick der Modelle von den Geb\u00e4uden schl\u00e4gt einem jeden Liebhaber das Herz h\u00f6her. Die Baus\u00e4tze k\u00f6nnen ab sofort auf den Anlagen und in [&hellip;]<\/p>\n","protected":false},"author":1,"featured_media":1700,"comment_status":"open","ping_status":"open","sticky":false,"template":"","format":"gallery","meta":{"footnotes":""},"categories":[73,80],"tags":[],"class_list":["post-1699","post","type-post","status-publish","format-gallery","has-post-thumbnail","hentry","category-loeschzug-sevelen-2","category-lzs-2022","post_format-post-format-gallery"],"_links":{"self":[{"href":"https:\/\/www.feuerwehr-sevelen.de\/index.php?rest_route=\/wp\/v2\/posts\/1699","targetHints":{"allow":["GET"]}}],"collection":[{"href":"https:\/\/www.feuerwehr-sevelen.de\/index.php?rest_route=\/wp\/v2\/posts"}],"about":[{"href":"https:\/\/www.feuerwehr-sevelen.de\/index.php?rest_route=\/wp\/v2\/types\/post"}],"author":[{"embeddable":true,"href":"https:\/\/www.feuerwehr-sevelen.de\/index.php?rest_route=\/wp\/v2\/users\/1"}],"replies":[{"embeddable":true,"href":"https:\/\/www.feuerwehr-sevelen.de\/index.php?rest_route=%2Fwp%2Fv2%2Fcomments&post=1699"}],"version-history":[{"count":1,"href":"https:\/\/www.feuerwehr-sevelen.de\/index.php?rest_route=\/wp\/v2\/posts\/1699\/revisions"}],"predecessor-version":[{"id":1701,"href":"https:\/\/www.feuerwehr-sevelen.de\/index.php?rest_route=\/wp\/v2\/posts\/1699\/revisions\/1701"}],"wp:featuredmedia":[{"embeddable":true,"href":"https:\/\/www.feuerwehr-sevelen.de\/index.php?rest_route=\/wp\/v2\/media\/1700"}],"wp:attachment":[{"href":"https:\/\/www.feuerwehr-sevelen.de\/index.php?rest_route=%2Fwp%2Fv2%2Fmedia&parent=1699"}],"wp:term":[{"taxonomy":"category","embeddable":true,"href":"https:\/\/www.feuerwehr-sevelen.de\/index.php?rest_route=%2Fwp%2Fv2%2Fcategories&post=1699"},{"taxonomy":"post_tag","embeddable":true,"href":"https:\/\/www.feuerwehr-sevelen.de\/index.php?rest_route=%2Fwp%2Fv2%2Ftags&post=1699"}],"curies":[{"name":"wp","href":"https:\/\/api.w.org\/{rel}","templated":true}]}}