{"id":1624,"date":"2023-09-15T21:14:33","date_gmt":"2023-09-15T19:14:33","guid":{"rendered":"https:\/\/test.feuerwehr-sevelen.de\/?p=1624"},"modified":"2023-09-15T21:14:33","modified_gmt":"2023-09-15T19:14:33","slug":"imagefilm-lz-sevelen","status":"publish","type":"post","link":"https:\/\/www.feuerwehr-sevelen.de\/?p=1624","title":{"rendered":"Imagefilm LZ Sevelen"},"content":{"rendered":"<div dir=\"auto\">Vorab schon mal ein kleiner Einblick in unser neues Feuerwehrhaus und in die Arbeit unsereres L\u00f6schzuges.<\/div>\n<div dir=\"auto\">Vielen Dank an Bastian Esser, Max Vanek und Rene Freitag f\u00fcr die tolle Unterst\u00fctzung!<\/div>\n<div dir=\"auto\">Die Kameraden des L\u00f6schzuges Sevelen freuen sich schon jetzt auf Euren Besuch am Tag der offenen T\u00fcr am 24.09.2022 von 12:00 Uhr bis 18:00 Uhr!<\/div>\n<div dir=\"auto\">\n<div style=\"width: 640px;\" class=\"wp-video\"><video class=\"wp-video-shortcode\" id=\"video-1624-1\" width=\"640\" height=\"362\" preload=\"metadata\" controls=\"controls\"><source type=\"video\/mp4\" src=\"https:\/\/test.feuerwehr-sevelen.de\/wp-content\/uploads\/2023\/09\/Imagefilm_FF-Sevelen_klein.mp4?_=1\" \/><a href=\"https:\/\/test.feuerwehr-sevelen.de\/wp-content\/uploads\/2023\/09\/Imagefilm_FF-Sevelen_klein.mp4\">https:\/\/test.feuerwehr-sevelen.de\/wp-content\/uploads\/2023\/09\/Imagefilm_FF-Sevelen_klein.mp4<\/a><\/video><\/div>\n<\/div>\n","protected":false},"excerpt":{"rendered":"<p>Vorab schon mal ein kleiner Einblick in unser neues Feuerwehrhaus und in die Arbeit unsereres L\u00f6schzuges. Vielen Dank an Bastian Esser, Max Vanek und Rene Freitag f\u00fcr die tolle Unterst\u00fctzung! Die Kameraden des L\u00f6schzuges Sevelen freuen sich schon jetzt auf Euren Besuch am Tag der offenen T\u00fcr am 24.09.2022 von 12:00 Uhr bis 18:00 Uhr!<\/p>\n","protected":false},"author":1,"featured_media":1616,"comment_status":"open","ping_status":"open","sticky":false,"template":"","format":"video","meta":{"footnotes":""},"categories":[73,80],"tags":[],"class_list":["post-1624","post","type-post","status-publish","format-video","has-post-thumbnail","hentry","category-loeschzug-sevelen-2","category-lzs-2022","post_format-post-format-video"],"_links":{"self":[{"href":"https:\/\/www.feuerwehr-sevelen.de\/index.php?rest_route=\/wp\/v2\/posts\/1624","targetHints":{"allow":["GET"]}}],"collection":[{"href":"https:\/\/www.feuerwehr-sevelen.de\/index.php?rest_route=\/wp\/v2\/posts"}],"about":[{"href":"https:\/\/www.feuerwehr-sevelen.de\/index.php?rest_route=\/wp\/v2\/types\/post"}],"author":[{"embeddable":true,"href":"https:\/\/www.feuerwehr-sevelen.de\/index.php?rest_route=\/wp\/v2\/users\/1"}],"replies":[{"embeddable":true,"href":"https:\/\/www.feuerwehr-sevelen.de\/index.php?rest_route=%2Fwp%2Fv2%2Fcomments&post=1624"}],"version-history":[{"count":1,"href":"https:\/\/www.feuerwehr-sevelen.de\/index.php?rest_route=\/wp\/v2\/posts\/1624\/revisions"}],"predecessor-version":[{"id":1625,"href":"https:\/\/www.feuerwehr-sevelen.de\/index.php?rest_route=\/wp\/v2\/posts\/1624\/revisions\/1625"}],"wp:featuredmedia":[{"embeddable":true,"href":"https:\/\/www.feuerwehr-sevelen.de\/index.php?rest_route=\/wp\/v2\/media\/1616"}],"wp:attachment":[{"href":"https:\/\/www.feuerwehr-sevelen.de\/index.php?rest_route=%2Fwp%2Fv2%2Fmedia&parent=1624"}],"wp:term":[{"taxonomy":"category","embeddable":true,"href":"https:\/\/www.feuerwehr-sevelen.de\/index.php?rest_route=%2Fwp%2Fv2%2Fcategories&post=1624"},{"taxonomy":"post_tag","embeddable":true,"href":"https:\/\/www.feuerwehr-sevelen.de\/index.php?rest_route=%2Fwp%2Fv2%2Ftags&post=1624"}],"curies":[{"name":"wp","href":"https:\/\/api.w.org\/{rel}","templated":true}]}}