{"id":1603,"date":"2023-09-15T21:01:45","date_gmt":"2023-09-15T19:01:45","guid":{"rendered":"https:\/\/test.feuerwehr-sevelen.de\/?p=1603"},"modified":"2023-09-15T21:01:45","modified_gmt":"2023-09-15T19:01:45","slug":"update-tag-der-offenen-tuer-lz-sevelen","status":"publish","type":"post","link":"https:\/\/www.feuerwehr-sevelen.de\/?p=1603","title":{"rendered":"Update Tag der offenen T\u00fcr LZ Sevelen"},"content":{"rendered":"<div dir=\"auto\">Die Angeh\u00f6rigen des L\u00f6schzuges Sevelen bedanken sich bei allen G\u00e4sten, Freunden und G\u00f6nnern f\u00fcr den gro\u00dfen Zuspruch bei unserem gestrigen Tag der offenen T\u00fcr. Es war echt der Wahnsinn: Eine pure Mischung aus G\u00e4nsehautmomenten, Emotionen, informativen Fachgespr\u00e4chen und einem tollen Publikum, die diesen Tag f\u00fcr uns unvergessen macht.<\/div>\n<div dir=\"auto\">Ein ganz besonderer Dank gilt unseren Partnerinnen und Ehefrauen, die einmal mehr tatkr\u00e4ftig mit anpackten und uns bei unserem Vorhaben immer unterst\u00fctzend beiseite standen. Vielen Dank Euch allen!<\/div>\n<div dir=\"auto\"><img loading=\"lazy\" decoding=\"async\" class=\"alignnone size-medium wp-image-1604\" src=\"https:\/\/test.feuerwehr-sevelen.de\/wp-content\/uploads\/2023\/09\/IMG_1933-300x200.jpeg\" alt=\"\" width=\"300\" height=\"200\" srcset=\"https:\/\/www.feuerwehr-sevelen.de\/wp-content\/uploads\/2023\/09\/IMG_1933-300x200.jpeg 300w, https:\/\/www.feuerwehr-sevelen.de\/wp-content\/uploads\/2023\/09\/IMG_1933.jpeg 639w\" sizes=\"auto, (max-width: 300px) 100vw, 300px\" \/> <img loading=\"lazy\" decoding=\"async\" class=\"alignnone size-medium wp-image-1605\" src=\"https:\/\/test.feuerwehr-sevelen.de\/wp-content\/uploads\/2023\/09\/IMG_1934-300x200.jpeg\" alt=\"\" width=\"300\" height=\"200\" srcset=\"https:\/\/www.feuerwehr-sevelen.de\/wp-content\/uploads\/2023\/09\/IMG_1934-300x200.jpeg 300w, https:\/\/www.feuerwehr-sevelen.de\/wp-content\/uploads\/2023\/09\/IMG_1934-1024x683.jpeg 1024w, https:\/\/www.feuerwehr-sevelen.de\/wp-content\/uploads\/2023\/09\/IMG_1934-768x512.jpeg 768w, https:\/\/www.feuerwehr-sevelen.de\/wp-content\/uploads\/2023\/09\/IMG_1934.jpeg 1365w\" sizes=\"auto, (max-width: 300px) 100vw, 300px\" \/> <img loading=\"lazy\" decoding=\"async\" class=\"alignnone size-medium wp-image-1606\" src=\"https:\/\/test.feuerwehr-sevelen.de\/wp-content\/uploads\/2023\/09\/IMG_1935-300x200.jpeg\" alt=\"\" width=\"300\" height=\"200\" srcset=\"https:\/\/www.feuerwehr-sevelen.de\/wp-content\/uploads\/2023\/09\/IMG_1935-300x200.jpeg 300w, https:\/\/www.feuerwehr-sevelen.de\/wp-content\/uploads\/2023\/09\/IMG_1935-1024x683.jpeg 1024w, https:\/\/www.feuerwehr-sevelen.de\/wp-content\/uploads\/2023\/09\/IMG_1935-768x512.jpeg 768w, https:\/\/www.feuerwehr-sevelen.de\/wp-content\/uploads\/2023\/09\/IMG_1935.jpeg 1365w\" sizes=\"auto, (max-width: 300px) 100vw, 300px\" \/><\/div>\n","protected":false},"excerpt":{"rendered":"<p>Die Angeh\u00f6rigen des L\u00f6schzuges Sevelen bedanken sich bei allen G\u00e4sten, Freunden und G\u00f6nnern f\u00fcr den gro\u00dfen Zuspruch bei unserem gestrigen Tag der offenen T\u00fcr. Es war echt der Wahnsinn: Eine pure Mischung aus G\u00e4nsehautmomenten, Emotionen, informativen Fachgespr\u00e4chen und einem tollen Publikum, die diesen Tag f\u00fcr uns unvergessen macht. Ein ganz besonderer Dank gilt unseren Partnerinnen [&hellip;]<\/p>\n","protected":false},"author":1,"featured_media":1605,"comment_status":"open","ping_status":"open","sticky":false,"template":"","format":"gallery","meta":{"footnotes":""},"categories":[73,80],"tags":[],"class_list":["post-1603","post","type-post","status-publish","format-gallery","has-post-thumbnail","hentry","category-loeschzug-sevelen-2","category-lzs-2022","post_format-post-format-gallery"],"_links":{"self":[{"href":"https:\/\/www.feuerwehr-sevelen.de\/index.php?rest_route=\/wp\/v2\/posts\/1603","targetHints":{"allow":["GET"]}}],"collection":[{"href":"https:\/\/www.feuerwehr-sevelen.de\/index.php?rest_route=\/wp\/v2\/posts"}],"about":[{"href":"https:\/\/www.feuerwehr-sevelen.de\/index.php?rest_route=\/wp\/v2\/types\/post"}],"author":[{"embeddable":true,"href":"https:\/\/www.feuerwehr-sevelen.de\/index.php?rest_route=\/wp\/v2\/users\/1"}],"replies":[{"embeddable":true,"href":"https:\/\/www.feuerwehr-sevelen.de\/index.php?rest_route=%2Fwp%2Fv2%2Fcomments&post=1603"}],"version-history":[{"count":1,"href":"https:\/\/www.feuerwehr-sevelen.de\/index.php?rest_route=\/wp\/v2\/posts\/1603\/revisions"}],"predecessor-version":[{"id":1607,"href":"https:\/\/www.feuerwehr-sevelen.de\/index.php?rest_route=\/wp\/v2\/posts\/1603\/revisions\/1607"}],"wp:featuredmedia":[{"embeddable":true,"href":"https:\/\/www.feuerwehr-sevelen.de\/index.php?rest_route=\/wp\/v2\/media\/1605"}],"wp:attachment":[{"href":"https:\/\/www.feuerwehr-sevelen.de\/index.php?rest_route=%2Fwp%2Fv2%2Fmedia&parent=1603"}],"wp:term":[{"taxonomy":"category","embeddable":true,"href":"https:\/\/www.feuerwehr-sevelen.de\/index.php?rest_route=%2Fwp%2Fv2%2Fcategories&post=1603"},{"taxonomy":"post_tag","embeddable":true,"href":"https:\/\/www.feuerwehr-sevelen.de\/index.php?rest_route=%2Fwp%2Fv2%2Ftags&post=1603"}],"curies":[{"name":"wp","href":"https:\/\/api.w.org\/{rel}","templated":true}]}}