{"id":1588,"date":"2023-09-15T20:52:41","date_gmt":"2023-09-15T18:52:41","guid":{"rendered":"https:\/\/test.feuerwehr-sevelen.de\/?p=1588"},"modified":"2023-09-15T20:52:41","modified_gmt":"2023-09-15T18:52:41","slug":"jahreshauptversammlung-loeschzug-sevelen","status":"publish","type":"post","link":"https:\/\/www.feuerwehr-sevelen.de\/?p=1588","title":{"rendered":"Jahreshauptversammlung L\u00f6schzug Sevelen"},"content":{"rendered":"<div dir=\"auto\">Die diesj\u00e4hrige Jahreshauptversammlung des L\u00f6schzuges Sevelen stand ganz im Zeichen der Danksagung an verdiente Mitglieder aus den Reihen des Ehrenamts. Nachdem die Jahreshauptversammlung zweimal aufgrund der Corona Pandemie ausfallen musste, versammelten sich nun alle Mitglieder, um in einem w\u00fcrdigen Rahmen R\u00fcckblicke auf die Jahre 2020 und 2021 zu halten und um Bef\u00f6rderungen und Ehrungen durchzuf\u00fchren.<\/div>\n<div dir=\"auto\">Nach der Begr\u00fc\u00dfung der Teilnehmer durch L\u00f6schzugf\u00fchrer Ludwig Boemans betonte der B\u00fcrgermeister Clemens Br\u00fcx in seiner Rede den Stellenwert des Ehrenamtes und bedankte sich herzlich f\u00fcr die Einsatzbereitschaft und die vielen Stunden Freizeit der Kameraden in den letzten Jahren. Insbesondere hob B\u00fcrgermeister Br\u00fcx besonders die Leistungsf\u00e4higkeit der Feuerwehr bei Eins\u00e4tzen in der Gemeinde Issum aber auch bei der Unterst\u00fctzung nach der Flutkatastrophe im Ahrtal im Sommer letzten Jahres hervor. Zufrieden blickte Br\u00fcx auch auf den Neubau des Feuerwehrhauses in Sevelen und die feierliche \u00dcbergabe mit Einsegnung sowie den Tag der offenen T\u00fcr, der vor rund zwei Wochen stattfand.<\/div>\n<div dir=\"auto\">Im Anschluss ehrte B\u00fcrgermeister Clemens Br\u00fcx verdiente Mitglieder f\u00fcr ihre langj\u00e4hrige Mitgliedschaft in der Freiwilligen Feuerwehr Issum.<\/div>\n<div dir=\"auto\">Viel zu tun gab es auch f\u00fcr den neuen Leiter der Feuerwehr Issum, Daniel Eumes: Auch er hatte die Bef\u00f6rderungen verdienter Kameraden von zwei Jahren nachzuholen.<\/div>\n<div dir=\"auto\">Eine weitere Ehrung der besonderen Art stand an diesem Tag f\u00fcr einige Mitglieder des L\u00f6schzuges Sevelen auf dem Programm: F\u00fcr ihren Einsatz nach der Naturkatastrophe im Ahrtal im letzten Jahr wurden die Feuerwehrm\u00e4nner von B\u00fcrgermeister Clemens Br\u00fcx mit der Feuerwehr- und Katastrophenschutz-Einsatzmedaille des Landes NRW ausgezeichnet.<\/div>\n<div dir=\"auto\">Eine detaillierte Auflistung aller Ehrungen und Bef\u00f6rderungen ist demn\u00e4chst auf der Homepage <a class=\"x1i10hfl xjbqb8w x6umtig x1b1mbwd xaqea5y xav7gou x9f619 x1ypdohk xt0psk2 xe8uvvx xdj266r x11i5rnm xat24cr x1mh8g0r xexx8yu x4uap5 x18d9i69 xkhd6sd x16tdsg8 x1hl2dhg xggy1nq x1a2a7pz xt0b8zv x1fey0fg\" tabindex=\"0\" role=\"link\" href=\"https:\/\/l.facebook.com\/l.php?u=http%3A%2F%2Fwww.feuerwehr-sevelen.de%2F%3Ffbclid%3DIwAR0Ln8xS3dcnQ7uYd0Bjmx6DmSpIi8U2LqM1-dEU5g2JMFc69laMr34kJN4&amp;h=AT1yRQYUUlGuDrr0TJ2G0G9hIMwKTf0Stu7jSu_euqEpBpeasMAkmHMVGP5-uj6_yk-TqivBZnsaQmhRbdr82OIG7EAaRuShG16cYb_UVlfSGO05PJe267cYlDBwutLY2R7ChA-OsSBHWtFTYWstntpTBA&amp;__tn__=-UK-R&amp;c[0]=AT1jjI7yh4NaknjqZibYKBUAr8imM49l2na8UwXXqWLX6ItrmT5UawGxDxNsXRxe1UCnrug37AEM_eQRzuKpByY4f8usmNkHHVmBLQExuPsSqb9xpP__oeuEyO7m0gopERxJTat7Km0wpcyqkVVsswfuKszFGJHUlaZKqb2m1ra-sephsA\" target=\"_blank\" rel=\"nofollow noopener noreferrer\">www.feuerwehr-sevelen.de<\/a> unter Aktuelles nachzulesen.<\/div>\n<div dir=\"auto\">L\u00f6schzugf\u00fchrer Ludwig Boemans schloss die Versammlung mit dem Leitspruch der Feuerwehr \u201eGott zur Ehr, dem N\u00e4chsten zur Wehr\u201c!<\/div>\n<div dir=\"auto\"><img loading=\"lazy\" decoding=\"async\" class=\"alignnone size-medium wp-image-1589\" src=\"https:\/\/test.feuerwehr-sevelen.de\/wp-content\/uploads\/2023\/09\/IMG_1924-300x200.jpeg\" alt=\"\" width=\"300\" height=\"200\" srcset=\"https:\/\/www.feuerwehr-sevelen.de\/wp-content\/uploads\/2023\/09\/IMG_1924-300x200.jpeg 300w, https:\/\/www.feuerwehr-sevelen.de\/wp-content\/uploads\/2023\/09\/IMG_1924-1024x683.jpeg 1024w, https:\/\/www.feuerwehr-sevelen.de\/wp-content\/uploads\/2023\/09\/IMG_1924-768x512.jpeg 768w, https:\/\/www.feuerwehr-sevelen.de\/wp-content\/uploads\/2023\/09\/IMG_1924.jpeg 1066w\" sizes=\"auto, (max-width: 300px) 100vw, 300px\" \/> <img loading=\"lazy\" decoding=\"async\" class=\"alignnone size-medium wp-image-1590\" src=\"https:\/\/test.feuerwehr-sevelen.de\/wp-content\/uploads\/2023\/09\/IMG_1925-300x200.jpeg\" alt=\"\" width=\"300\" height=\"200\" srcset=\"https:\/\/www.feuerwehr-sevelen.de\/wp-content\/uploads\/2023\/09\/IMG_1925-300x200.jpeg 300w, https:\/\/www.feuerwehr-sevelen.de\/wp-content\/uploads\/2023\/09\/IMG_1925-1024x683.jpeg 1024w, https:\/\/www.feuerwehr-sevelen.de\/wp-content\/uploads\/2023\/09\/IMG_1925-768x512.jpeg 768w, https:\/\/www.feuerwehr-sevelen.de\/wp-content\/uploads\/2023\/09\/IMG_1925.jpeg 1066w\" sizes=\"auto, (max-width: 300px) 100vw, 300px\" \/> <img loading=\"lazy\" decoding=\"async\" class=\"alignnone size-medium wp-image-1591\" src=\"https:\/\/test.feuerwehr-sevelen.de\/wp-content\/uploads\/2023\/09\/IMG_1926-300x200.jpeg\" alt=\"\" width=\"300\" height=\"200\" srcset=\"https:\/\/www.feuerwehr-sevelen.de\/wp-content\/uploads\/2023\/09\/IMG_1926-300x200.jpeg 300w, https:\/\/www.feuerwehr-sevelen.de\/wp-content\/uploads\/2023\/09\/IMG_1926-1024x683.jpeg 1024w, https:\/\/www.feuerwehr-sevelen.de\/wp-content\/uploads\/2023\/09\/IMG_1926-768x512.jpeg 768w, https:\/\/www.feuerwehr-sevelen.de\/wp-content\/uploads\/2023\/09\/IMG_1926.jpeg 1066w\" sizes=\"auto, (max-width: 300px) 100vw, 300px\" \/><\/div>\n","protected":false},"excerpt":{"rendered":"<p>Die diesj\u00e4hrige Jahreshauptversammlung des L\u00f6schzuges Sevelen stand ganz im Zeichen der Danksagung an verdiente Mitglieder aus den Reihen des Ehrenamts. Nachdem die Jahreshauptversammlung zweimal aufgrund der Corona Pandemie ausfallen musste, versammelten sich nun alle Mitglieder, um in einem w\u00fcrdigen Rahmen R\u00fcckblicke auf die Jahre 2020 und 2021 zu halten und um Bef\u00f6rderungen und Ehrungen durchzuf\u00fchren. [&hellip;]<\/p>\n","protected":false},"author":1,"featured_media":1590,"comment_status":"open","ping_status":"open","sticky":false,"template":"","format":"gallery","meta":{"footnotes":""},"categories":[73,80],"tags":[],"class_list":["post-1588","post","type-post","status-publish","format-gallery","has-post-thumbnail","hentry","category-loeschzug-sevelen-2","category-lzs-2022","post_format-post-format-gallery"],"_links":{"self":[{"href":"https:\/\/www.feuerwehr-sevelen.de\/index.php?rest_route=\/wp\/v2\/posts\/1588","targetHints":{"allow":["GET"]}}],"collection":[{"href":"https:\/\/www.feuerwehr-sevelen.de\/index.php?rest_route=\/wp\/v2\/posts"}],"about":[{"href":"https:\/\/www.feuerwehr-sevelen.de\/index.php?rest_route=\/wp\/v2\/types\/post"}],"author":[{"embeddable":true,"href":"https:\/\/www.feuerwehr-sevelen.de\/index.php?rest_route=\/wp\/v2\/users\/1"}],"replies":[{"embeddable":true,"href":"https:\/\/www.feuerwehr-sevelen.de\/index.php?rest_route=%2Fwp%2Fv2%2Fcomments&post=1588"}],"version-history":[{"count":1,"href":"https:\/\/www.feuerwehr-sevelen.de\/index.php?rest_route=\/wp\/v2\/posts\/1588\/revisions"}],"predecessor-version":[{"id":1592,"href":"https:\/\/www.feuerwehr-sevelen.de\/index.php?rest_route=\/wp\/v2\/posts\/1588\/revisions\/1592"}],"wp:featuredmedia":[{"embeddable":true,"href":"https:\/\/www.feuerwehr-sevelen.de\/index.php?rest_route=\/wp\/v2\/media\/1590"}],"wp:attachment":[{"href":"https:\/\/www.feuerwehr-sevelen.de\/index.php?rest_route=%2Fwp%2Fv2%2Fmedia&parent=1588"}],"wp:term":[{"taxonomy":"category","embeddable":true,"href":"https:\/\/www.feuerwehr-sevelen.de\/index.php?rest_route=%2Fwp%2Fv2%2Fcategories&post=1588"},{"taxonomy":"post_tag","embeddable":true,"href":"https:\/\/www.feuerwehr-sevelen.de\/index.php?rest_route=%2Fwp%2Fv2%2Ftags&post=1588"}],"curies":[{"name":"wp","href":"https:\/\/api.w.org\/{rel}","templated":true}]}}