{"id":1505,"date":"2023-09-15T14:34:32","date_gmt":"2023-09-15T12:34:32","guid":{"rendered":"https:\/\/test.feuerwehr-sevelen.de\/?p=1505"},"modified":"2023-09-15T14:34:32","modified_gmt":"2023-09-15T12:34:32","slug":"einsatzinfo-13-02-2023-1758-uhr","status":"publish","type":"post","link":"https:\/\/www.feuerwehr-sevelen.de\/?p=1505","title":{"rendered":"Einsatzinfo\u00a013.02.2023 ++ 17:58 Uhr"},"content":{"rendered":"<div class=\"xdj266r x11i5rnm xat24cr x1mh8g0r x1vvkbs x126k92a\">\n<div dir=\"auto\">Einsatzmeldung: B3 &#8211; Geb\u00e4udebrand<\/div>\n<\/div>\n<div class=\"x11i5rnm xat24cr x1mh8g0r x1vvkbs xtlvy1s x126k92a\">\n<div dir=\"auto\">Eine starke Rauchentwicklung im Bereich der Issumer Stra\u00dfe \/ Sevelener Stra\u00dfe veranlasste einen besorgten Autofahrer auf der Landstra\u00dfe L362 den Europaweiten Notruf \u201e112\u201c zu w\u00e4hlen. Aufgrund des geschilderten Ereignisses alarmierte der Disponent der Kreisleitstelle Kleve die Einsatzkr\u00e4fte der Gesamtwehr Issum mit dem Stichwort \u201eGeb\u00e4udebrand\u201c.<\/div>\n<div dir=\"auto\">An der Einsatzstelle angekommen fand der Einsatzleiter eine brennende Feuertonne vor, die als Ursache f\u00fcr die Rauchentwicklung identifiziert werden konnte.<\/div>\n<div dir=\"auto\">Auf Anordnung des Ordnungsamtes l\u00f6schte der Eigent\u00fcmer die Tonne selbstst\u00e4ndig ab, sodass keine Ma\u00dfnahmen durch die Feuerwehr erforderlich waren.<\/div>\n<div dir=\"auto\">Die 29 Einsatzkr\u00e4fte der Feuerwehr mit 6 Feuerwehrfahrzeugen, sowie die Kollegen vom Rettungsdienst und der Polizei, waren ca. eine halbe Stunde im Einsatz.<\/div>\n<div dir=\"auto\"><img loading=\"lazy\" decoding=\"async\" class=\"alignnone size-medium wp-image-1506\" src=\"https:\/\/test.feuerwehr-sevelen.de\/wp-content\/uploads\/2023\/09\/IMG_1877-240x300.jpeg\" alt=\"\" width=\"240\" height=\"300\" srcset=\"https:\/\/www.feuerwehr-sevelen.de\/wp-content\/uploads\/2023\/09\/IMG_1877-240x300.jpeg 240w, https:\/\/www.feuerwehr-sevelen.de\/wp-content\/uploads\/2023\/09\/IMG_1877-819x1024.jpeg 819w, https:\/\/www.feuerwehr-sevelen.de\/wp-content\/uploads\/2023\/09\/IMG_1877-768x960.jpeg 768w, https:\/\/www.feuerwehr-sevelen.de\/wp-content\/uploads\/2023\/09\/IMG_1877-1229x1536.jpeg 1229w, https:\/\/www.feuerwehr-sevelen.de\/wp-content\/uploads\/2023\/09\/IMG_1877.jpeg 1440w\" sizes=\"auto, (max-width: 240px) 100vw, 240px\" \/><\/div>\n<\/div>\n","protected":false},"excerpt":{"rendered":"<p>Einsatzmeldung: B3 &#8211; Geb\u00e4udebrand Eine starke Rauchentwicklung im Bereich der Issumer Stra\u00dfe \/ Sevelener Stra\u00dfe veranlasste einen besorgten Autofahrer auf der Landstra\u00dfe L362 den Europaweiten Notruf \u201e112\u201c zu w\u00e4hlen. Aufgrund des geschilderten Ereignisses alarmierte der Disponent der Kreisleitstelle Kleve die Einsatzkr\u00e4fte der Gesamtwehr Issum mit dem Stichwort \u201eGeb\u00e4udebrand\u201c. An der Einsatzstelle angekommen fand der Einsatzleiter [&hellip;]<\/p>\n","protected":false},"author":1,"featured_media":1506,"comment_status":"open","ping_status":"open","sticky":false,"template":"","format":"gallery","meta":{"footnotes":""},"categories":[5,46],"tags":[],"class_list":["post-1505","post","type-post","status-publish","format-gallery","has-post-thumbnail","hentry","category-einsaetze","category-einsaetze-2023","post_format-post-format-gallery"],"_links":{"self":[{"href":"https:\/\/www.feuerwehr-sevelen.de\/index.php?rest_route=\/wp\/v2\/posts\/1505","targetHints":{"allow":["GET"]}}],"collection":[{"href":"https:\/\/www.feuerwehr-sevelen.de\/index.php?rest_route=\/wp\/v2\/posts"}],"about":[{"href":"https:\/\/www.feuerwehr-sevelen.de\/index.php?rest_route=\/wp\/v2\/types\/post"}],"author":[{"embeddable":true,"href":"https:\/\/www.feuerwehr-sevelen.de\/index.php?rest_route=\/wp\/v2\/users\/1"}],"replies":[{"embeddable":true,"href":"https:\/\/www.feuerwehr-sevelen.de\/index.php?rest_route=%2Fwp%2Fv2%2Fcomments&post=1505"}],"version-history":[{"count":1,"href":"https:\/\/www.feuerwehr-sevelen.de\/index.php?rest_route=\/wp\/v2\/posts\/1505\/revisions"}],"predecessor-version":[{"id":1507,"href":"https:\/\/www.feuerwehr-sevelen.de\/index.php?rest_route=\/wp\/v2\/posts\/1505\/revisions\/1507"}],"wp:featuredmedia":[{"embeddable":true,"href":"https:\/\/www.feuerwehr-sevelen.de\/index.php?rest_route=\/wp\/v2\/media\/1506"}],"wp:attachment":[{"href":"https:\/\/www.feuerwehr-sevelen.de\/index.php?rest_route=%2Fwp%2Fv2%2Fmedia&parent=1505"}],"wp:term":[{"taxonomy":"category","embeddable":true,"href":"https:\/\/www.feuerwehr-sevelen.de\/index.php?rest_route=%2Fwp%2Fv2%2Fcategories&post=1505"},{"taxonomy":"post_tag","embeddable":true,"href":"https:\/\/www.feuerwehr-sevelen.de\/index.php?rest_route=%2Fwp%2Fv2%2Ftags&post=1505"}],"curies":[{"name":"wp","href":"https:\/\/api.w.org\/{rel}","templated":true}]}}