{"id":1485,"date":"2023-09-15T12:35:21","date_gmt":"2023-09-15T10:35:21","guid":{"rendered":"https:\/\/test.feuerwehr-sevelen.de\/?p=1485"},"modified":"2023-09-15T12:35:21","modified_gmt":"2023-09-15T10:35:21","slug":"einsatzinfo-10-03-2023-1925-uhr","status":"publish","type":"post","link":"https:\/\/www.feuerwehr-sevelen.de\/?p=1485","title":{"rendered":"Einsatzinfo\u00a010.03.2023 ++ 19:25 Uhr"},"content":{"rendered":"<div class=\"xdj266r x11i5rnm xat24cr x1mh8g0r x1vvkbs x126k92a\">\n<div dir=\"auto\">Einsatzmeldung: H1 &#8211; Hilfeleistung<\/div>\n<\/div>\n<div class=\"x11i5rnm xat24cr x1mh8g0r x1vvkbs xtlvy1s x126k92a\">\n<div dir=\"auto\">Eine m\u00e4chtige Pappel l\u00f6ste sich vom abgefaulten Wurzelstock und drohte auf den Kemper Steg zu fallen. Dabei verfing sich die Krone in einer daneben stehenden Eiche.<\/div>\n<div dir=\"auto\">Die Einsatzkr\u00e4fte der Feuerwehr sicherten die Einsatzstelle ab und zogen die Pappel aus der Eichenkrone. Danach wurde der Baum unter Zuhilfenahme einer Motors\u00e4ge zerkleinert und die Fahrbahn freiger\u00e4umt. Nach rund 60 Minuten konnten alle Einsatzkr\u00e4fte wieder einr\u00fccken.<\/div>\n<div dir=\"auto\"><img loading=\"lazy\" decoding=\"async\" class=\"alignnone size-medium wp-image-1488\" src=\"https:\/\/test.feuerwehr-sevelen.de\/wp-content\/uploads\/2023\/09\/2023-03-10_H1_Kemper-Steg_01-300x225.jpg\" alt=\"\" width=\"300\" height=\"225\" srcset=\"https:\/\/www.feuerwehr-sevelen.de\/wp-content\/uploads\/2023\/09\/2023-03-10_H1_Kemper-Steg_01-300x225.jpg 300w, https:\/\/www.feuerwehr-sevelen.de\/wp-content\/uploads\/2023\/09\/2023-03-10_H1_Kemper-Steg_01.jpg 600w\" sizes=\"auto, (max-width: 300px) 100vw, 300px\" \/> <img loading=\"lazy\" decoding=\"async\" class=\"alignnone size-medium wp-image-1487\" src=\"https:\/\/test.feuerwehr-sevelen.de\/wp-content\/uploads\/2023\/09\/2023-03-10_H1_Kemper-Steg_02-300x225.jpg\" alt=\"\" width=\"300\" height=\"225\" srcset=\"https:\/\/www.feuerwehr-sevelen.de\/wp-content\/uploads\/2023\/09\/2023-03-10_H1_Kemper-Steg_02-300x225.jpg 300w, https:\/\/www.feuerwehr-sevelen.de\/wp-content\/uploads\/2023\/09\/2023-03-10_H1_Kemper-Steg_02.jpg 600w\" sizes=\"auto, (max-width: 300px) 100vw, 300px\" \/> <img loading=\"lazy\" decoding=\"async\" class=\"alignnone size-medium wp-image-1486\" src=\"https:\/\/test.feuerwehr-sevelen.de\/wp-content\/uploads\/2023\/09\/2023-03-10_H1_Kemper-Steg_03-300x225.jpg\" alt=\"\" width=\"300\" height=\"225\" srcset=\"https:\/\/www.feuerwehr-sevelen.de\/wp-content\/uploads\/2023\/09\/2023-03-10_H1_Kemper-Steg_03-300x225.jpg 300w, https:\/\/www.feuerwehr-sevelen.de\/wp-content\/uploads\/2023\/09\/2023-03-10_H1_Kemper-Steg_03.jpg 600w\" sizes=\"auto, (max-width: 300px) 100vw, 300px\" \/><\/div>\n<\/div>\n","protected":false},"excerpt":{"rendered":"<p>Einsatzmeldung: H1 &#8211; Hilfeleistung Eine m\u00e4chtige Pappel l\u00f6ste sich vom abgefaulten Wurzelstock und drohte auf den Kemper Steg zu fallen. Dabei verfing sich die Krone in einer daneben stehenden Eiche. Die Einsatzkr\u00e4fte der Feuerwehr sicherten die Einsatzstelle ab und zogen die Pappel aus der Eichenkrone. Danach wurde der Baum unter Zuhilfenahme einer Motors\u00e4ge zerkleinert und [&hellip;]<\/p>\n","protected":false},"author":1,"featured_media":1486,"comment_status":"open","ping_status":"open","sticky":false,"template":"","format":"gallery","meta":{"footnotes":""},"categories":[5,46],"tags":[],"class_list":["post-1485","post","type-post","status-publish","format-gallery","has-post-thumbnail","hentry","category-einsaetze","category-einsaetze-2023","post_format-post-format-gallery"],"_links":{"self":[{"href":"https:\/\/www.feuerwehr-sevelen.de\/index.php?rest_route=\/wp\/v2\/posts\/1485","targetHints":{"allow":["GET"]}}],"collection":[{"href":"https:\/\/www.feuerwehr-sevelen.de\/index.php?rest_route=\/wp\/v2\/posts"}],"about":[{"href":"https:\/\/www.feuerwehr-sevelen.de\/index.php?rest_route=\/wp\/v2\/types\/post"}],"author":[{"embeddable":true,"href":"https:\/\/www.feuerwehr-sevelen.de\/index.php?rest_route=\/wp\/v2\/users\/1"}],"replies":[{"embeddable":true,"href":"https:\/\/www.feuerwehr-sevelen.de\/index.php?rest_route=%2Fwp%2Fv2%2Fcomments&post=1485"}],"version-history":[{"count":1,"href":"https:\/\/www.feuerwehr-sevelen.de\/index.php?rest_route=\/wp\/v2\/posts\/1485\/revisions"}],"predecessor-version":[{"id":1489,"href":"https:\/\/www.feuerwehr-sevelen.de\/index.php?rest_route=\/wp\/v2\/posts\/1485\/revisions\/1489"}],"wp:featuredmedia":[{"embeddable":true,"href":"https:\/\/www.feuerwehr-sevelen.de\/index.php?rest_route=\/wp\/v2\/media\/1486"}],"wp:attachment":[{"href":"https:\/\/www.feuerwehr-sevelen.de\/index.php?rest_route=%2Fwp%2Fv2%2Fmedia&parent=1485"}],"wp:term":[{"taxonomy":"category","embeddable":true,"href":"https:\/\/www.feuerwehr-sevelen.de\/index.php?rest_route=%2Fwp%2Fv2%2Fcategories&post=1485"},{"taxonomy":"post_tag","embeddable":true,"href":"https:\/\/www.feuerwehr-sevelen.de\/index.php?rest_route=%2Fwp%2Fv2%2Ftags&post=1485"}],"curies":[{"name":"wp","href":"https:\/\/api.w.org\/{rel}","templated":true}]}}