{"id":148,"date":"2019-07-31T13:26:00","date_gmt":"2019-07-31T11:26:00","guid":{"rendered":"https:\/\/test.feuerwehr-sevelen.de\/?p=148"},"modified":"2023-09-11T11:31:17","modified_gmt":"2023-09-11T09:31:17","slug":"grossbrand-2019-07-31","status":"publish","type":"post","link":"https:\/\/www.feuerwehr-sevelen.de\/?p=148","title":{"rendered":"Gro\u00dfbrand"},"content":{"rendered":"<p><img loading=\"lazy\" decoding=\"async\" class=\" size-full wp-image-464\" src=\"https:\/\/test.feuerwehr-sevelen.de\/wp-content\/uploads\/2019\/07\/images_com_einsatzkomponente_einsatzbilder_2019-07-31_Grobrand-Oermter-Kirchweg-scaled.jpg\" alt=\"\" width=\"2560\" height=\"1920\" srcset=\"https:\/\/www.feuerwehr-sevelen.de\/wp-content\/uploads\/2019\/07\/images_com_einsatzkomponente_einsatzbilder_2019-07-31_Grobrand-Oermter-Kirchweg-scaled.jpg 2560w, https:\/\/www.feuerwehr-sevelen.de\/wp-content\/uploads\/2019\/07\/images_com_einsatzkomponente_einsatzbilder_2019-07-31_Grobrand-Oermter-Kirchweg-300x225.jpg 300w, https:\/\/www.feuerwehr-sevelen.de\/wp-content\/uploads\/2019\/07\/images_com_einsatzkomponente_einsatzbilder_2019-07-31_Grobrand-Oermter-Kirchweg-1024x768.jpg 1024w, https:\/\/www.feuerwehr-sevelen.de\/wp-content\/uploads\/2019\/07\/images_com_einsatzkomponente_einsatzbilder_2019-07-31_Grobrand-Oermter-Kirchweg-768x576.jpg 768w, https:\/\/www.feuerwehr-sevelen.de\/wp-content\/uploads\/2019\/07\/images_com_einsatzkomponente_einsatzbilder_2019-07-31_Grobrand-Oermter-Kirchweg-1536x1152.jpg 1536w, https:\/\/www.feuerwehr-sevelen.de\/wp-content\/uploads\/2019\/07\/images_com_einsatzkomponente_einsatzbilder_2019-07-31_Grobrand-Oermter-Kirchweg-2048x1536.jpg 2048w\" sizes=\"auto, (max-width: 2560px) 100vw, 2560px\" \/><\/p>\n<div>Mit freundlicher Genehmigung der<br \/>Kreispolizeibeh\u00f6rde Kleve<\/div>\n<div>31.07.2019 \u2013 16:00<\/div>\n<div>POL-KLE: Issum &#8211; Brand einer Scheune<br \/>Drei K\u00fche verendet<\/div>\n<div>Issum-Sevelen (ots)<\/div>\n<div>Aus bisher ungekl\u00e4rten Gr\u00fcnden ist am Mittwoch (31. Juli 2019) gegen 11:15 Uhr eine Scheune auf einem Hof am Oermter Kirchweg in Brand geraten. Das Geb\u00e4ude st\u00fcrzte w\u00e4hrend der L\u00f6scharbeiten der Feuerwehr in sich zusammen. Personen wurden nicht verletzt. Durch das Feuer verendeten drei K\u00fche, die sich in der Scheune befanden. Zudem entstand ein Schaden an einem Wohnmobil, das auf dem Hof in der N\u00e4he zum Brand stand. Auch das angrenzende Wohnhaus wurde durch die Flammen teils in Mitleidenschaft gezogen. Die Kripo hat die Ermittlungen zur Brandursache aufgenommen. (CS)<\/div>\n<div>\u00a0<\/div>\n<div>R\u00fcckfragen bitte an:<\/div>\n<div>Kreispolizeibeh\u00f6rde Kleve<br \/>Pressestelle Polizei Kleve<br \/>Telefon: 02821 504 1111<br \/>E-Mail: pressestelle.kleve@polizei.nrw.de<br \/><a href=\"https:\/\/deref-gmx.net\/mail\/client\/juSiAg4l8d0\/dereferrer\/?redirectUrl=http%3A%2F%2Fwww.polizei.nrw.de%2Fkleve\" target=\"_blank\" rel=\"noopener noreferrer\">http:\/\/www.polizei.nrw.de\/kleve<\/a><\/div>\n<div>Original-Content von: Kreispolizeibeh\u00f6rde Kleve, \u00fcbermittelt durch news aktuell<\/div>\n<div class=\"links\">\n<a href=\"http:\/\/www.feuerwehr-sevelen.de\/index.php?option=com_einsatzkomponente&#038;view=einsatzbericht&#038;id=283&#038;Itemid=101\" target=\"_self\" rel=\"noopener\">Weitere Informationen \u00fcber diesen Einsatz im Detailbericht<\/a>\n<\/div>\n","protected":false},"excerpt":{"rendered":"<p><img loading=\"lazy\" decoding=\"async\" class=\" size-full wp-image-464\" src=\"https:\/\/test.feuerwehr-sevelen.de\/wp-content\/uploads\/2019\/07\/images_com_einsatzkomponente_einsatzbilder_2019-07-31_Grobrand-Oermter-Kirchweg-scaled.jpg\" alt=\"\" width=\"2560\" height=\"1920\" srcset=\"https:\/\/www.feuerwehr-sevelen.de\/wp-content\/uploads\/2019\/07\/images_com_einsatzkomponente_einsatzbilder_2019-07-31_Grobrand-Oermter-Kirchweg-scaled.jpg 2560w, https:\/\/www.feuerwehr-sevelen.de\/wp-content\/uploads\/2019\/07\/images_com_einsatzkomponente_einsatzbilder_2019-07-31_Grobrand-Oermter-Kirchweg-300x225.jpg 300w, https:\/\/www.feuerwehr-sevelen.de\/wp-content\/uploads\/2019\/07\/images_com_einsatzkomponente_einsatzbilder_2019-07-31_Grobrand-Oermter-Kirchweg-1024x768.jpg 1024w, https:\/\/www.feuerwehr-sevelen.de\/wp-content\/uploads\/2019\/07\/images_com_einsatzkomponente_einsatzbilder_2019-07-31_Grobrand-Oermter-Kirchweg-768x576.jpg 768w, https:\/\/www.feuerwehr-sevelen.de\/wp-content\/uploads\/2019\/07\/images_com_einsatzkomponente_einsatzbilder_2019-07-31_Grobrand-Oermter-Kirchweg-1536x1152.jpg 1536w, https:\/\/www.feuerwehr-sevelen.de\/wp-content\/uploads\/2019\/07\/images_com_einsatzkomponente_einsatzbilder_2019-07-31_Grobrand-Oermter-Kirchweg-2048x1536.jpg 2048w\" sizes=\"auto, (max-width: 2560px) 100vw, 2560px\" \/><\/p>\n","protected":false},"author":3,"featured_media":464,"comment_status":"open","ping_status":"open","sticky":false,"template":"","format":"standard","meta":{"footnotes":""},"categories":[5,53],"tags":[31,39,33,30,34,38,35,37,36,32],"class_list":["post-148","post","type-post","status-publish","format-standard","has-post-thumbnail","hentry","category-einsaetze","category-einsaetze-2019","tag-einsatzbericht","tag-einsatzkomponente","tag-feuer","tag-feuerwehr","tag-hilfeleistung","tag-hilfsorganisation","tag-polizei","tag-rettungsdienst","tag-thw","tag-unfall"],"_links":{"self":[{"href":"https:\/\/www.feuerwehr-sevelen.de\/index.php?rest_route=\/wp\/v2\/posts\/148","targetHints":{"allow":["GET"]}}],"collection":[{"href":"https:\/\/www.feuerwehr-sevelen.de\/index.php?rest_route=\/wp\/v2\/posts"}],"about":[{"href":"https:\/\/www.feuerwehr-sevelen.de\/index.php?rest_route=\/wp\/v2\/types\/post"}],"author":[{"embeddable":true,"href":"https:\/\/www.feuerwehr-sevelen.de\/index.php?rest_route=\/wp\/v2\/users\/3"}],"replies":[{"embeddable":true,"href":"https:\/\/www.feuerwehr-sevelen.de\/index.php?rest_route=%2Fwp%2Fv2%2Fcomments&post=148"}],"version-history":[{"count":1,"href":"https:\/\/www.feuerwehr-sevelen.de\/index.php?rest_route=\/wp\/v2\/posts\/148\/revisions"}],"predecessor-version":[{"id":885,"href":"https:\/\/www.feuerwehr-sevelen.de\/index.php?rest_route=\/wp\/v2\/posts\/148\/revisions\/885"}],"wp:featuredmedia":[{"embeddable":true,"href":"https:\/\/www.feuerwehr-sevelen.de\/index.php?rest_route=\/wp\/v2\/media\/464"}],"wp:attachment":[{"href":"https:\/\/www.feuerwehr-sevelen.de\/index.php?rest_route=%2Fwp%2Fv2%2Fmedia&parent=148"}],"wp:term":[{"taxonomy":"category","embeddable":true,"href":"https:\/\/www.feuerwehr-sevelen.de\/index.php?rest_route=%2Fwp%2Fv2%2Fcategories&post=148"},{"taxonomy":"post_tag","embeddable":true,"href":"https:\/\/www.feuerwehr-sevelen.de\/index.php?rest_route=%2Fwp%2Fv2%2Ftags&post=148"}],"curies":[{"name":"wp","href":"https:\/\/api.w.org\/{rel}","templated":true}]}}