{"id":1444,"date":"2023-09-15T12:09:13","date_gmt":"2023-09-15T10:09:13","guid":{"rendered":"https:\/\/test.feuerwehr-sevelen.de\/?p=1444"},"modified":"2023-09-15T12:09:34","modified_gmt":"2023-09-15T10:09:34","slug":"1444","status":"publish","type":"post","link":"https:\/\/www.feuerwehr-sevelen.de\/?p=1444","title":{"rendered":"Einsatzinfo\u00a002.05.2023 ++ 10:18 Uhr"},"content":{"rendered":"<div class=\"xdj266r x11i5rnm xat24cr x1mh8g0r x1vvkbs x126k92a\">\n<div dir=\"auto\">Einsatzmeldung: H1 &#8211; T\u00fcr\u00f6ffnung<\/div>\n<\/div>\n<div class=\"x11i5rnm xat24cr x1mh8g0r x1vvkbs xtlvy1s x126k92a\">\n<div dir=\"auto\">Eine Seniorin war in ihrer Wohnung im 1. Obergeschoss eines Mehrfamilienhauses an der Rheurdter Stra\u00dfe gest\u00fcrzt und konnte aus eigenen Kr\u00e4ften nicht mehr die Eingangst\u00fcr \u00f6ffnen.<\/div>\n<div dir=\"auto\">Die Einsatzkr\u00e4fte der Feuerwehr \u00f6ffneten gewaltsam die Wohnungst\u00fcr damit die Patientin vom Rettungsdienst versorgt werden konnte.<\/div>\n<div dir=\"auto\"><img loading=\"lazy\" decoding=\"async\" class=\"alignnone size-medium wp-image-1445\" src=\"https:\/\/test.feuerwehr-sevelen.de\/wp-content\/uploads\/2023\/09\/2023-05-02_H1_PinWohnung_Rheurdter-Str-300x225.jpg\" alt=\"\" width=\"300\" height=\"225\" srcset=\"https:\/\/www.feuerwehr-sevelen.de\/wp-content\/uploads\/2023\/09\/2023-05-02_H1_PinWohnung_Rheurdter-Str-300x225.jpg 300w, https:\/\/www.feuerwehr-sevelen.de\/wp-content\/uploads\/2023\/09\/2023-05-02_H1_PinWohnung_Rheurdter-Str.jpg 720w\" sizes=\"auto, (max-width: 300px) 100vw, 300px\" \/><\/div>\n<\/div>\n","protected":false},"excerpt":{"rendered":"<p>Einsatzmeldung: H1 &#8211; T\u00fcr\u00f6ffnung Eine Seniorin war in ihrer Wohnung im 1. Obergeschoss eines Mehrfamilienhauses an der Rheurdter Stra\u00dfe gest\u00fcrzt und konnte aus eigenen Kr\u00e4ften nicht mehr die Eingangst\u00fcr \u00f6ffnen. Die Einsatzkr\u00e4fte der Feuerwehr \u00f6ffneten gewaltsam die Wohnungst\u00fcr damit die Patientin vom Rettungsdienst versorgt werden konnte.<\/p>\n","protected":false},"author":1,"featured_media":1445,"comment_status":"open","ping_status":"open","sticky":false,"template":"","format":"gallery","meta":{"footnotes":""},"categories":[5,46],"tags":[],"class_list":["post-1444","post","type-post","status-publish","format-gallery","has-post-thumbnail","hentry","category-einsaetze","category-einsaetze-2023","post_format-post-format-gallery"],"_links":{"self":[{"href":"https:\/\/www.feuerwehr-sevelen.de\/index.php?rest_route=\/wp\/v2\/posts\/1444","targetHints":{"allow":["GET"]}}],"collection":[{"href":"https:\/\/www.feuerwehr-sevelen.de\/index.php?rest_route=\/wp\/v2\/posts"}],"about":[{"href":"https:\/\/www.feuerwehr-sevelen.de\/index.php?rest_route=\/wp\/v2\/types\/post"}],"author":[{"embeddable":true,"href":"https:\/\/www.feuerwehr-sevelen.de\/index.php?rest_route=\/wp\/v2\/users\/1"}],"replies":[{"embeddable":true,"href":"https:\/\/www.feuerwehr-sevelen.de\/index.php?rest_route=%2Fwp%2Fv2%2Fcomments&post=1444"}],"version-history":[{"count":2,"href":"https:\/\/www.feuerwehr-sevelen.de\/index.php?rest_route=\/wp\/v2\/posts\/1444\/revisions"}],"predecessor-version":[{"id":1447,"href":"https:\/\/www.feuerwehr-sevelen.de\/index.php?rest_route=\/wp\/v2\/posts\/1444\/revisions\/1447"}],"wp:featuredmedia":[{"embeddable":true,"href":"https:\/\/www.feuerwehr-sevelen.de\/index.php?rest_route=\/wp\/v2\/media\/1445"}],"wp:attachment":[{"href":"https:\/\/www.feuerwehr-sevelen.de\/index.php?rest_route=%2Fwp%2Fv2%2Fmedia&parent=1444"}],"wp:term":[{"taxonomy":"category","embeddable":true,"href":"https:\/\/www.feuerwehr-sevelen.de\/index.php?rest_route=%2Fwp%2Fv2%2Fcategories&post=1444"},{"taxonomy":"post_tag","embeddable":true,"href":"https:\/\/www.feuerwehr-sevelen.de\/index.php?rest_route=%2Fwp%2Fv2%2Ftags&post=1444"}],"curies":[{"name":"wp","href":"https:\/\/api.w.org\/{rel}","templated":true}]}}