{"id":1401,"date":"2023-09-15T08:44:09","date_gmt":"2023-09-15T06:44:09","guid":{"rendered":"https:\/\/test.feuerwehr-sevelen.de\/?p=1401"},"modified":"2023-09-15T08:44:09","modified_gmt":"2023-09-15T06:44:09","slug":"einsatzinfo-19-05-2023-1323-uhr","status":"publish","type":"post","link":"https:\/\/www.feuerwehr-sevelen.de\/?p=1401","title":{"rendered":"Einsatzinfo\u00a019.05.2023 ++ 13:23 Uhr"},"content":{"rendered":"<div class=\"xdj266r x11i5rnm xat24cr x1mh8g0r x1vvkbs x126k92a\">\n<div dir=\"auto\">Einsatzmeldung: B2 &#8211; Feuer Kleingeb\u00e4ude<\/div>\n<\/div>\n<div class=\"x11i5rnm xat24cr x1mh8g0r x1vvkbs xtlvy1s x126k92a\">\n<div dir=\"auto\">Aus zur Zeit noch unbekannter Ursache geriet der \u00dcberstand einer Garage an der Kapellener Stra\u00dfe in Brand.<\/div>\n<div dir=\"auto\">Durch das schnelle Eingreifen der Feuerwehr wurde eine Ausbreitung auf die Garage und einen PKW verhindert, der Unterstand wurde durch das Feuer jedoch komplett zerst\u00f6rt.<\/div>\n<div dir=\"auto\">Ein Trupp unter Atemschutz l\u00f6schte das Feuer und kontrollierte die angrenzenden Garagen.<\/div>\n<div dir=\"auto\"><img loading=\"lazy\" decoding=\"async\" class=\"alignnone size-medium wp-image-1404\" src=\"https:\/\/test.feuerwehr-sevelen.de\/wp-content\/uploads\/2023\/09\/2023-05-19_B2_Kapellener-Str_01-300x158.jpg\" alt=\"\" width=\"300\" height=\"158\" srcset=\"https:\/\/www.feuerwehr-sevelen.de\/wp-content\/uploads\/2023\/09\/2023-05-19_B2_Kapellener-Str_01-300x158.jpg 300w, https:\/\/www.feuerwehr-sevelen.de\/wp-content\/uploads\/2023\/09\/2023-05-19_B2_Kapellener-Str_01.jpg 598w\" sizes=\"auto, (max-width: 300px) 100vw, 300px\" \/> <img loading=\"lazy\" decoding=\"async\" class=\"alignnone size-medium wp-image-1403\" src=\"https:\/\/test.feuerwehr-sevelen.de\/wp-content\/uploads\/2023\/09\/2023-05-19_B2_Kapellener-Str_02-300x157.jpg\" alt=\"\" width=\"300\" height=\"157\" srcset=\"https:\/\/www.feuerwehr-sevelen.de\/wp-content\/uploads\/2023\/09\/2023-05-19_B2_Kapellener-Str_02-300x157.jpg 300w, https:\/\/www.feuerwehr-sevelen.de\/wp-content\/uploads\/2023\/09\/2023-05-19_B2_Kapellener-Str_02.jpg 600w\" sizes=\"auto, (max-width: 300px) 100vw, 300px\" \/> <img loading=\"lazy\" decoding=\"async\" class=\"alignnone size-medium wp-image-1402\" src=\"https:\/\/test.feuerwehr-sevelen.de\/wp-content\/uploads\/2023\/09\/2023-05-19_B2_Kapellener-Str_03-300x157.jpg\" alt=\"\" width=\"300\" height=\"157\" srcset=\"https:\/\/www.feuerwehr-sevelen.de\/wp-content\/uploads\/2023\/09\/2023-05-19_B2_Kapellener-Str_03-300x157.jpg 300w, https:\/\/www.feuerwehr-sevelen.de\/wp-content\/uploads\/2023\/09\/2023-05-19_B2_Kapellener-Str_03.jpg 600w\" sizes=\"auto, (max-width: 300px) 100vw, 300px\" \/><\/div>\n<\/div>\n","protected":false},"excerpt":{"rendered":"<p>Einsatzmeldung: B2 &#8211; Feuer Kleingeb\u00e4ude Aus zur Zeit noch unbekannter Ursache geriet der \u00dcberstand einer Garage an der Kapellener Stra\u00dfe in Brand. Durch das schnelle Eingreifen der Feuerwehr wurde eine Ausbreitung auf die Garage und einen PKW verhindert, der Unterstand wurde durch das Feuer jedoch komplett zerst\u00f6rt. Ein Trupp unter Atemschutz l\u00f6schte das Feuer und [&hellip;]<\/p>\n","protected":false},"author":1,"featured_media":1404,"comment_status":"open","ping_status":"open","sticky":false,"template":"","format":"gallery","meta":{"footnotes":""},"categories":[5,46],"tags":[],"class_list":["post-1401","post","type-post","status-publish","format-gallery","has-post-thumbnail","hentry","category-einsaetze","category-einsaetze-2023","post_format-post-format-gallery"],"_links":{"self":[{"href":"https:\/\/www.feuerwehr-sevelen.de\/index.php?rest_route=\/wp\/v2\/posts\/1401","targetHints":{"allow":["GET"]}}],"collection":[{"href":"https:\/\/www.feuerwehr-sevelen.de\/index.php?rest_route=\/wp\/v2\/posts"}],"about":[{"href":"https:\/\/www.feuerwehr-sevelen.de\/index.php?rest_route=\/wp\/v2\/types\/post"}],"author":[{"embeddable":true,"href":"https:\/\/www.feuerwehr-sevelen.de\/index.php?rest_route=\/wp\/v2\/users\/1"}],"replies":[{"embeddable":true,"href":"https:\/\/www.feuerwehr-sevelen.de\/index.php?rest_route=%2Fwp%2Fv2%2Fcomments&post=1401"}],"version-history":[{"count":1,"href":"https:\/\/www.feuerwehr-sevelen.de\/index.php?rest_route=\/wp\/v2\/posts\/1401\/revisions"}],"predecessor-version":[{"id":1405,"href":"https:\/\/www.feuerwehr-sevelen.de\/index.php?rest_route=\/wp\/v2\/posts\/1401\/revisions\/1405"}],"wp:featuredmedia":[{"embeddable":true,"href":"https:\/\/www.feuerwehr-sevelen.de\/index.php?rest_route=\/wp\/v2\/media\/1404"}],"wp:attachment":[{"href":"https:\/\/www.feuerwehr-sevelen.de\/index.php?rest_route=%2Fwp%2Fv2%2Fmedia&parent=1401"}],"wp:term":[{"taxonomy":"category","embeddable":true,"href":"https:\/\/www.feuerwehr-sevelen.de\/index.php?rest_route=%2Fwp%2Fv2%2Fcategories&post=1401"},{"taxonomy":"post_tag","embeddable":true,"href":"https:\/\/www.feuerwehr-sevelen.de\/index.php?rest_route=%2Fwp%2Fv2%2Ftags&post=1401"}],"curies":[{"name":"wp","href":"https:\/\/api.w.org\/{rel}","templated":true}]}}