{"id":1355,"date":"2023-09-15T08:10:54","date_gmt":"2023-09-15T06:10:54","guid":{"rendered":"https:\/\/test.feuerwehr-sevelen.de\/?p=1355"},"modified":"2023-09-15T08:10:54","modified_gmt":"2023-09-15T06:10:54","slug":"einsatzinfo-24-06-2023-1652-uhr","status":"publish","type":"post","link":"https:\/\/www.feuerwehr-sevelen.de\/?p=1355","title":{"rendered":"Einsatzinfo\u00a024.06.2023 ++ 16:52 Uhr"},"content":{"rendered":"<div class=\"xdj266r x11i5rnm xat24cr x1mh8g0r x1vvkbs x126k92a\">\n<div dir=\"auto\">Einsatzmeldung: H2 &#8211; Wasserrettung<\/div>\n<\/div>\n<div class=\"x11i5rnm xat24cr x1mh8g0r x1vvkbs xtlvy1s x126k92a\">\n<div dir=\"auto\">Aus bisher nicht gekl\u00e4rter Ursache ist es zu einem Wasserunfall an einem privaten Gew\u00e4sser am Marktweg \/ Koetherdyck gekommen.<\/div>\n<div dir=\"auto\">Die vermisste Person wurde unter Zuhilfenahme einer Drohne geortet, die Einsatzkr\u00e4fte der Feuerwehr unterst\u00fctzen die Polizei bei der Bergung der Person und leisteten Erste Hilfe.<\/div>\n<div dir=\"auto\">Leider konnte der mitalarmierte Notarzt nur noch den Tod der Person feststellen.<\/div>\n<div dir=\"auto\"><\/div>\n<\/div>\n<div class=\"x11i5rnm xat24cr x1mh8g0r x1vvkbs xtlvy1s x126k92a\">\n<div dir=\"auto\">Nachfolgend der Text vom Presseportal der Polizei NRW, zu finden unter<\/div>\n<\/div>\n<div class=\"x11i5rnm xat24cr x1mh8g0r x1vvkbs xtlvy1s x126k92a\">\n<div dir=\"auto\"><a class=\"x1i10hfl xjbqb8w x6umtig x1b1mbwd xaqea5y xav7gou x9f619 x1ypdohk xt0psk2 xe8uvvx xdj266r x11i5rnm xat24cr x1mh8g0r xexx8yu x4uap5 x18d9i69 xkhd6sd x16tdsg8 x1hl2dhg xggy1nq x1a2a7pz xt0b8zv x1fey0fg\" tabindex=\"0\" role=\"link\" href=\"https:\/\/www.presseportal.de\/blaulicht\/pm\/65849\/5542643?fbclid=IwAR2Vix65o_S8USt395Hm7HrxXxrqGsvLK5JuCtbTebfr9KRlbHK9hKlqpDU\" target=\"_blank\" rel=\"nofollow noopener\">https:\/\/www.presseportal.de\/blaulicht\/pm\/65849\/5542643<\/a><\/div>\n<\/div>\n<div class=\"x11i5rnm xat24cr x1mh8g0r x1vvkbs xtlvy1s x126k92a\">\n<div dir=\"auto\"><\/div>\n<div dir=\"auto\">25.06.2023 \u2013 10:00<\/div>\n<\/div>\n<div class=\"x11i5rnm xat24cr x1mh8g0r x1vvkbs xtlvy1s x126k92a\">\n<div dir=\"auto\">Kreispolizeibeh\u00f6rde Kleve<\/div>\n<\/div>\n<div class=\"x11i5rnm xat24cr x1mh8g0r x1vvkbs xtlvy1s x126k92a\">\n<div dir=\"auto\">POL-KLE: T\u00f6dlicher Badeunfall im Baggersee<\/div>\n<\/div>\n<div class=\"x11i5rnm xat24cr x1mh8g0r x1vvkbs xtlvy1s x126k92a\">\n<div dir=\"auto\">Issum (ots)<\/div>\n<\/div>\n<div class=\"x11i5rnm xat24cr x1mh8g0r x1vvkbs xtlvy1s x126k92a\">\n<div dir=\"auto\">Am Samstagnachmittag (24. Juni 2023) wurde die Polizei durch Zeugen auf ein herrenloses Fahrrad und Kleidungsst\u00fccke am Uferrand des Baggersees am Marktweg hingewiesen. Die sofort eingeleiteten Suchma\u00dfnahmen mit Unterst\u00fctzung der Polizeidrohne f\u00fchrten zum Auffinden einer leblosen, m\u00e4nnlichen Person im Wasser. Nach Bergung des Mannes konnte bei diesem nur noch der Tod festgestellt werden. Bei dem Verstorbenen handelt es sich um einen 86-J\u00e4hrigen aus Issum.<\/div>\n<\/div>\n<div class=\"x11i5rnm xat24cr x1mh8g0r x1vvkbs xtlvy1s x126k92a\">\n<div dir=\"auto\">Original-Content von: Kreispolizeibeh\u00f6rde Kleve, \u00fcbermittelt durch news aktuell<\/div>\n<div dir=\"auto\"><img loading=\"lazy\" decoding=\"async\" class=\"alignnone size-medium wp-image-1356\" src=\"https:\/\/test.feuerwehr-sevelen.de\/wp-content\/uploads\/2023\/09\/2023-06-24_H2_Wasserrettung_Marktweg-300x225.jpg\" alt=\"\" width=\"300\" height=\"225\" srcset=\"https:\/\/www.feuerwehr-sevelen.de\/wp-content\/uploads\/2023\/09\/2023-06-24_H2_Wasserrettung_Marktweg-300x225.jpg 300w, https:\/\/www.feuerwehr-sevelen.de\/wp-content\/uploads\/2023\/09\/2023-06-24_H2_Wasserrettung_Marktweg.jpg 720w\" sizes=\"auto, (max-width: 300px) 100vw, 300px\" \/><\/div>\n<\/div>\n<div class=\"x11i5rnm xat24cr x1mh8g0r x1vvkbs xtlvy1s x126k92a\"><\/div>\n","protected":false},"excerpt":{"rendered":"<p>Einsatzmeldung: H2 &#8211; Wasserrettung Aus bisher nicht gekl\u00e4rter Ursache ist es zu einem Wasserunfall an einem privaten Gew\u00e4sser am Marktweg \/ Koetherdyck gekommen. Die vermisste Person wurde unter Zuhilfenahme einer Drohne geortet, die Einsatzkr\u00e4fte der Feuerwehr unterst\u00fctzen die Polizei bei der Bergung der Person und leisteten Erste Hilfe. Leider konnte der mitalarmierte Notarzt nur noch [&hellip;]<\/p>\n","protected":false},"author":1,"featured_media":1356,"comment_status":"open","ping_status":"open","sticky":false,"template":"","format":"gallery","meta":{"footnotes":""},"categories":[5,46],"tags":[],"class_list":["post-1355","post","type-post","status-publish","format-gallery","has-post-thumbnail","hentry","category-einsaetze","category-einsaetze-2023","post_format-post-format-gallery"],"_links":{"self":[{"href":"https:\/\/www.feuerwehr-sevelen.de\/index.php?rest_route=\/wp\/v2\/posts\/1355","targetHints":{"allow":["GET"]}}],"collection":[{"href":"https:\/\/www.feuerwehr-sevelen.de\/index.php?rest_route=\/wp\/v2\/posts"}],"about":[{"href":"https:\/\/www.feuerwehr-sevelen.de\/index.php?rest_route=\/wp\/v2\/types\/post"}],"author":[{"embeddable":true,"href":"https:\/\/www.feuerwehr-sevelen.de\/index.php?rest_route=\/wp\/v2\/users\/1"}],"replies":[{"embeddable":true,"href":"https:\/\/www.feuerwehr-sevelen.de\/index.php?rest_route=%2Fwp%2Fv2%2Fcomments&post=1355"}],"version-history":[{"count":1,"href":"https:\/\/www.feuerwehr-sevelen.de\/index.php?rest_route=\/wp\/v2\/posts\/1355\/revisions"}],"predecessor-version":[{"id":1357,"href":"https:\/\/www.feuerwehr-sevelen.de\/index.php?rest_route=\/wp\/v2\/posts\/1355\/revisions\/1357"}],"wp:featuredmedia":[{"embeddable":true,"href":"https:\/\/www.feuerwehr-sevelen.de\/index.php?rest_route=\/wp\/v2\/media\/1356"}],"wp:attachment":[{"href":"https:\/\/www.feuerwehr-sevelen.de\/index.php?rest_route=%2Fwp%2Fv2%2Fmedia&parent=1355"}],"wp:term":[{"taxonomy":"category","embeddable":true,"href":"https:\/\/www.feuerwehr-sevelen.de\/index.php?rest_route=%2Fwp%2Fv2%2Fcategories&post=1355"},{"taxonomy":"post_tag","embeddable":true,"href":"https:\/\/www.feuerwehr-sevelen.de\/index.php?rest_route=%2Fwp%2Fv2%2Ftags&post=1355"}],"curies":[{"name":"wp","href":"https:\/\/api.w.org\/{rel}","templated":true}]}}