{"id":1352,"date":"2023-09-15T08:06:39","date_gmt":"2023-09-15T06:06:39","guid":{"rendered":"https:\/\/test.feuerwehr-sevelen.de\/?p=1352"},"modified":"2023-09-15T08:06:39","modified_gmt":"2023-09-15T06:06:39","slug":"einsatzinfo-05-07-2023-1359-uhr","status":"publish","type":"post","link":"https:\/\/www.feuerwehr-sevelen.de\/?p=1352","title":{"rendered":"Einsatzinfo\u00a005.07.2023 ++ 13:59 Uhr"},"content":{"rendered":"<div class=\"xdj266r x11i5rnm xat24cr x1mh8g0r x1vvkbs x126k92a\">\n<div dir=\"auto\">Einsatzmeldung: B1 &#8211; Feuer klein<\/div>\n<\/div>\n<div class=\"x11i5rnm xat24cr x1mh8g0r x1vvkbs xtlvy1s x126k92a\">\n<div dir=\"auto\">Verkehrsteilnehmer hatten neben der Bundesstra\u00dfe 58 (Weseler Stra\u00dfe) Brandrauch aus einem Waldst\u00fcck wahrgenommen und daher vorsorglich die Einsatzkr\u00e4fte der Feuerwehr alarmiert.<\/div>\n<div dir=\"auto\">Beim Eintreffen an der Einsatzstelle stellte sich heraus, dass es sich um ein nicht genehmigtes Nutzfeuer handelte, es wurden Gartenabf\u00e4lle verbrannt. Auf Anweisung des Ordnungsamtes wurde der Eigent\u00fcmer verpflichtet, umgehend das Feuer abzul\u00f6schen.<\/div>\n<div dir=\"auto\"><img loading=\"lazy\" decoding=\"async\" class=\"alignnone size-medium wp-image-1353\" src=\"https:\/\/test.feuerwehr-sevelen.de\/wp-content\/uploads\/2023\/09\/2023-07-05_B1_B58-300x221.jpg\" alt=\"\" width=\"300\" height=\"221\" srcset=\"https:\/\/www.feuerwehr-sevelen.de\/wp-content\/uploads\/2023\/09\/2023-07-05_B1_B58-300x221.jpg 300w, https:\/\/www.feuerwehr-sevelen.de\/wp-content\/uploads\/2023\/09\/2023-07-05_B1_B58.jpg 521w\" sizes=\"auto, (max-width: 300px) 100vw, 300px\" \/><\/div>\n<\/div>\n","protected":false},"excerpt":{"rendered":"<p>Einsatzmeldung: B1 &#8211; Feuer klein Verkehrsteilnehmer hatten neben der Bundesstra\u00dfe 58 (Weseler Stra\u00dfe) Brandrauch aus einem Waldst\u00fcck wahrgenommen und daher vorsorglich die Einsatzkr\u00e4fte der Feuerwehr alarmiert. Beim Eintreffen an der Einsatzstelle stellte sich heraus, dass es sich um ein nicht genehmigtes Nutzfeuer handelte, es wurden Gartenabf\u00e4lle verbrannt. Auf Anweisung des Ordnungsamtes wurde der Eigent\u00fcmer verpflichtet, [&hellip;]<\/p>\n","protected":false},"author":1,"featured_media":1353,"comment_status":"open","ping_status":"open","sticky":false,"template":"","format":"standard","meta":{"footnotes":""},"categories":[5,46],"tags":[],"class_list":["post-1352","post","type-post","status-publish","format-standard","has-post-thumbnail","hentry","category-einsaetze","category-einsaetze-2023"],"_links":{"self":[{"href":"https:\/\/www.feuerwehr-sevelen.de\/index.php?rest_route=\/wp\/v2\/posts\/1352","targetHints":{"allow":["GET"]}}],"collection":[{"href":"https:\/\/www.feuerwehr-sevelen.de\/index.php?rest_route=\/wp\/v2\/posts"}],"about":[{"href":"https:\/\/www.feuerwehr-sevelen.de\/index.php?rest_route=\/wp\/v2\/types\/post"}],"author":[{"embeddable":true,"href":"https:\/\/www.feuerwehr-sevelen.de\/index.php?rest_route=\/wp\/v2\/users\/1"}],"replies":[{"embeddable":true,"href":"https:\/\/www.feuerwehr-sevelen.de\/index.php?rest_route=%2Fwp%2Fv2%2Fcomments&post=1352"}],"version-history":[{"count":1,"href":"https:\/\/www.feuerwehr-sevelen.de\/index.php?rest_route=\/wp\/v2\/posts\/1352\/revisions"}],"predecessor-version":[{"id":1354,"href":"https:\/\/www.feuerwehr-sevelen.de\/index.php?rest_route=\/wp\/v2\/posts\/1352\/revisions\/1354"}],"wp:featuredmedia":[{"embeddable":true,"href":"https:\/\/www.feuerwehr-sevelen.de\/index.php?rest_route=\/wp\/v2\/media\/1353"}],"wp:attachment":[{"href":"https:\/\/www.feuerwehr-sevelen.de\/index.php?rest_route=%2Fwp%2Fv2%2Fmedia&parent=1352"}],"wp:term":[{"taxonomy":"category","embeddable":true,"href":"https:\/\/www.feuerwehr-sevelen.de\/index.php?rest_route=%2Fwp%2Fv2%2Fcategories&post=1352"},{"taxonomy":"post_tag","embeddable":true,"href":"https:\/\/www.feuerwehr-sevelen.de\/index.php?rest_route=%2Fwp%2Fv2%2Ftags&post=1352"}],"curies":[{"name":"wp","href":"https:\/\/api.w.org\/{rel}","templated":true}]}}