{"id":1236,"date":"2023-09-14T17:01:41","date_gmt":"2023-09-14T15:01:41","guid":{"rendered":"https:\/\/test.feuerwehr-sevelen.de\/?p=1236"},"modified":"2023-09-14T17:01:41","modified_gmt":"2023-09-14T15:01:41","slug":"einsatzinfo-18-08-2023-1553-uhr","status":"publish","type":"post","link":"https:\/\/www.feuerwehr-sevelen.de\/?p=1236","title":{"rendered":"Einsatzinfo\u00a018.08.2023 ++ 15:53 Uhr"},"content":{"rendered":"<div class=\"xdj266r x11i5rnm xat24cr x1mh8g0r x1vvkbs x126k92a\">\n<div dir=\"auto\">Einsatzmeldung: B3 &#8211; Feuer gro\u00df<\/div>\n<\/div>\n<div class=\"x11i5rnm xat24cr x1mh8g0r x1vvkbs xtlvy1s x126k92a\">\n<div dir=\"auto\">Wiederum besch\u00e4ftigte ein Gro\u00dfbrand 35 Feuerwehreinsatzkr\u00e4fte der L\u00f6schz\u00fcge Sevelen und Issum, dieses mal in Vorst am Eyckesdyck: Bei Schredderarbeiten an einem Weizenfeld geriet aus bisher nicht ermittelter Ursache das Getreidefeld in Brand. Ca. 4.500m2 des Feldes wurden ein Raub der Flammen, der Traktor mit Anbauger\u00e4t konnte noch rechtzeitig in Sicherheit gebracht werden.<\/div>\n<div dir=\"auto\">Die Einsatzkr\u00e4fte der Feuerwehr setzten mehrere Strahlrohre zur Brandbek\u00e4mpfung ein, mit zwei Grubbern lockerten die Landwirte das abgel\u00f6schte Feld. Weitere L\u00f6schgruppenfahrzeuge speisten das L\u00f6schwasser direkt in die Tanks der vordersten L\u00f6schfahrzeuge, von denen der Angriff vorgenommen wurden.<\/div>\n<div dir=\"auto\"><img loading=\"lazy\" decoding=\"async\" class=\"alignnone size-medium wp-image-1240\" src=\"https:\/\/test.feuerwehr-sevelen.de\/wp-content\/uploads\/2023\/09\/2023-08-18_B3_Eyckesdyck_01-300x225.jpg\" alt=\"\" width=\"300\" height=\"225\" srcset=\"https:\/\/www.feuerwehr-sevelen.de\/wp-content\/uploads\/2023\/09\/2023-08-18_B3_Eyckesdyck_01-300x225.jpg 300w, https:\/\/www.feuerwehr-sevelen.de\/wp-content\/uploads\/2023\/09\/2023-08-18_B3_Eyckesdyck_01.jpg 768w\" sizes=\"auto, (max-width: 300px) 100vw, 300px\" \/> <img loading=\"lazy\" decoding=\"async\" class=\"alignnone size-medium wp-image-1239\" src=\"https:\/\/test.feuerwehr-sevelen.de\/wp-content\/uploads\/2023\/09\/2023-08-18_B3_Eyckesdyck_02-300x225.jpg\" alt=\"\" width=\"300\" height=\"225\" srcset=\"https:\/\/www.feuerwehr-sevelen.de\/wp-content\/uploads\/2023\/09\/2023-08-18_B3_Eyckesdyck_02-300x225.jpg 300w, https:\/\/www.feuerwehr-sevelen.de\/wp-content\/uploads\/2023\/09\/2023-08-18_B3_Eyckesdyck_02.jpg 768w\" sizes=\"auto, (max-width: 300px) 100vw, 300px\" \/> <img loading=\"lazy\" decoding=\"async\" class=\"alignnone size-medium wp-image-1238\" src=\"https:\/\/test.feuerwehr-sevelen.de\/wp-content\/uploads\/2023\/09\/2023-08-18_B3_Eyckesdyck_03-300x225.jpg\" alt=\"\" width=\"300\" height=\"225\" srcset=\"https:\/\/www.feuerwehr-sevelen.de\/wp-content\/uploads\/2023\/09\/2023-08-18_B3_Eyckesdyck_03-300x225.jpg 300w, https:\/\/www.feuerwehr-sevelen.de\/wp-content\/uploads\/2023\/09\/2023-08-18_B3_Eyckesdyck_03.jpg 768w\" sizes=\"auto, (max-width: 300px) 100vw, 300px\" \/> <img loading=\"lazy\" decoding=\"async\" class=\"alignnone size-medium wp-image-1237\" src=\"https:\/\/test.feuerwehr-sevelen.de\/wp-content\/uploads\/2023\/09\/2023-08-18_B3_Eyckesdyck_04-300x225.jpg\" alt=\"\" width=\"300\" height=\"225\" srcset=\"https:\/\/www.feuerwehr-sevelen.de\/wp-content\/uploads\/2023\/09\/2023-08-18_B3_Eyckesdyck_04-300x225.jpg 300w, https:\/\/www.feuerwehr-sevelen.de\/wp-content\/uploads\/2023\/09\/2023-08-18_B3_Eyckesdyck_04.jpg 768w\" sizes=\"auto, (max-width: 300px) 100vw, 300px\" \/><\/div>\n<\/div>\n","protected":false},"excerpt":{"rendered":"<p>Einsatzmeldung: B3 &#8211; Feuer gro\u00df Wiederum besch\u00e4ftigte ein Gro\u00dfbrand 35 Feuerwehreinsatzkr\u00e4fte der L\u00f6schz\u00fcge Sevelen und Issum, dieses mal in Vorst am Eyckesdyck: Bei Schredderarbeiten an einem Weizenfeld geriet aus bisher nicht ermittelter Ursache das Getreidefeld in Brand. Ca. 4.500m2 des Feldes wurden ein Raub der Flammen, der Traktor mit Anbauger\u00e4t konnte noch rechtzeitig in Sicherheit [&hellip;]<\/p>\n","protected":false},"author":1,"featured_media":1240,"comment_status":"open","ping_status":"open","sticky":false,"template":"","format":"gallery","meta":{"footnotes":""},"categories":[5,46],"tags":[],"class_list":["post-1236","post","type-post","status-publish","format-gallery","has-post-thumbnail","hentry","category-einsaetze","category-einsaetze-2023","post_format-post-format-gallery"],"_links":{"self":[{"href":"https:\/\/www.feuerwehr-sevelen.de\/index.php?rest_route=\/wp\/v2\/posts\/1236","targetHints":{"allow":["GET"]}}],"collection":[{"href":"https:\/\/www.feuerwehr-sevelen.de\/index.php?rest_route=\/wp\/v2\/posts"}],"about":[{"href":"https:\/\/www.feuerwehr-sevelen.de\/index.php?rest_route=\/wp\/v2\/types\/post"}],"author":[{"embeddable":true,"href":"https:\/\/www.feuerwehr-sevelen.de\/index.php?rest_route=\/wp\/v2\/users\/1"}],"replies":[{"embeddable":true,"href":"https:\/\/www.feuerwehr-sevelen.de\/index.php?rest_route=%2Fwp%2Fv2%2Fcomments&post=1236"}],"version-history":[{"count":1,"href":"https:\/\/www.feuerwehr-sevelen.de\/index.php?rest_route=\/wp\/v2\/posts\/1236\/revisions"}],"predecessor-version":[{"id":1241,"href":"https:\/\/www.feuerwehr-sevelen.de\/index.php?rest_route=\/wp\/v2\/posts\/1236\/revisions\/1241"}],"wp:featuredmedia":[{"embeddable":true,"href":"https:\/\/www.feuerwehr-sevelen.de\/index.php?rest_route=\/wp\/v2\/media\/1240"}],"wp:attachment":[{"href":"https:\/\/www.feuerwehr-sevelen.de\/index.php?rest_route=%2Fwp%2Fv2%2Fmedia&parent=1236"}],"wp:term":[{"taxonomy":"category","embeddable":true,"href":"https:\/\/www.feuerwehr-sevelen.de\/index.php?rest_route=%2Fwp%2Fv2%2Fcategories&post=1236"},{"taxonomy":"post_tag","embeddable":true,"href":"https:\/\/www.feuerwehr-sevelen.de\/index.php?rest_route=%2Fwp%2Fv2%2Ftags&post=1236"}],"curies":[{"name":"wp","href":"https:\/\/api.w.org\/{rel}","templated":true}]}}