{"id":1230,"date":"2023-09-14T16:53:58","date_gmt":"2023-09-14T14:53:58","guid":{"rendered":"https:\/\/test.feuerwehr-sevelen.de\/?p=1230"},"modified":"2023-09-14T16:53:58","modified_gmt":"2023-09-14T14:53:58","slug":"einsatzinfo-23-08-2023-1727-uhr","status":"publish","type":"post","link":"https:\/\/www.feuerwehr-sevelen.de\/?p=1230","title":{"rendered":"Einsatzinfo 23.08.2023 ++ 17:27 Uhr"},"content":{"rendered":"<div class=\"xdj266r x11i5rnm xat24cr x1mh8g0r x1vvkbs x126k92a\">\n<div dir=\"auto\">Einsatzmeldung: H1 &#8211; Hilfeleistung<\/div>\n<\/div>\n<div class=\"x11i5rnm xat24cr x1mh8g0r x1vvkbs xtlvy1s x126k92a\">\n<div dir=\"auto\">Eine junge Buche im B\u00fcrgermeister-B\u00fchner-Park stand in starker Schr\u00e4glage und drohte auf den Radweg \/ Hoerstgener Stra\u00dfe zu fallen.<\/div>\n<div dir=\"auto\">Die Einsatzkr\u00e4fte der Feuerwehr sicherten die Einsatzstelle ab, der Baum wurde unter Zuhilfenahme einer Motors\u00e4ge gef\u00e4llt und zerkleinert.<\/div>\n<div dir=\"auto\"><img loading=\"lazy\" decoding=\"async\" class=\"alignnone size-medium wp-image-1231\" src=\"https:\/\/test.feuerwehr-sevelen.de\/wp-content\/uploads\/2023\/09\/2023-08-23_H1-Hilfeleistung_BgmBuehner-300x225.jpg\" alt=\"\" width=\"300\" height=\"225\" srcset=\"https:\/\/www.feuerwehr-sevelen.de\/wp-content\/uploads\/2023\/09\/2023-08-23_H1-Hilfeleistung_BgmBuehner-300x225.jpg 300w, https:\/\/www.feuerwehr-sevelen.de\/wp-content\/uploads\/2023\/09\/2023-08-23_H1-Hilfeleistung_BgmBuehner.jpg 720w\" sizes=\"auto, (max-width: 300px) 100vw, 300px\" \/><\/div>\n<\/div>\n","protected":false},"excerpt":{"rendered":"<p>Einsatzmeldung: H1 &#8211; Hilfeleistung Eine junge Buche im B\u00fcrgermeister-B\u00fchner-Park stand in starker Schr\u00e4glage und drohte auf den Radweg \/ Hoerstgener Stra\u00dfe zu fallen. Die Einsatzkr\u00e4fte der Feuerwehr sicherten die Einsatzstelle ab, der Baum wurde unter Zuhilfenahme einer Motors\u00e4ge gef\u00e4llt und zerkleinert.<\/p>\n","protected":false},"author":1,"featured_media":1231,"comment_status":"open","ping_status":"open","sticky":false,"template":"","format":"gallery","meta":{"footnotes":""},"categories":[5,46],"tags":[],"class_list":["post-1230","post","type-post","status-publish","format-gallery","has-post-thumbnail","hentry","category-einsaetze","category-einsaetze-2023","post_format-post-format-gallery"],"_links":{"self":[{"href":"https:\/\/www.feuerwehr-sevelen.de\/index.php?rest_route=\/wp\/v2\/posts\/1230","targetHints":{"allow":["GET"]}}],"collection":[{"href":"https:\/\/www.feuerwehr-sevelen.de\/index.php?rest_route=\/wp\/v2\/posts"}],"about":[{"href":"https:\/\/www.feuerwehr-sevelen.de\/index.php?rest_route=\/wp\/v2\/types\/post"}],"author":[{"embeddable":true,"href":"https:\/\/www.feuerwehr-sevelen.de\/index.php?rest_route=\/wp\/v2\/users\/1"}],"replies":[{"embeddable":true,"href":"https:\/\/www.feuerwehr-sevelen.de\/index.php?rest_route=%2Fwp%2Fv2%2Fcomments&post=1230"}],"version-history":[{"count":1,"href":"https:\/\/www.feuerwehr-sevelen.de\/index.php?rest_route=\/wp\/v2\/posts\/1230\/revisions"}],"predecessor-version":[{"id":1232,"href":"https:\/\/www.feuerwehr-sevelen.de\/index.php?rest_route=\/wp\/v2\/posts\/1230\/revisions\/1232"}],"wp:featuredmedia":[{"embeddable":true,"href":"https:\/\/www.feuerwehr-sevelen.de\/index.php?rest_route=\/wp\/v2\/media\/1231"}],"wp:attachment":[{"href":"https:\/\/www.feuerwehr-sevelen.de\/index.php?rest_route=%2Fwp%2Fv2%2Fmedia&parent=1230"}],"wp:term":[{"taxonomy":"category","embeddable":true,"href":"https:\/\/www.feuerwehr-sevelen.de\/index.php?rest_route=%2Fwp%2Fv2%2Fcategories&post=1230"},{"taxonomy":"post_tag","embeddable":true,"href":"https:\/\/www.feuerwehr-sevelen.de\/index.php?rest_route=%2Fwp%2Fv2%2Ftags&post=1230"}],"curies":[{"name":"wp","href":"https:\/\/api.w.org\/{rel}","templated":true}]}}