{"id":119,"date":"2023-09-14T18:19:33","date_gmt":"2023-09-14T16:19:33","guid":{"rendered":"https:\/\/test.feuerwehr-sevelen.de\/?p=119"},"modified":"2023-09-14T18:19:33","modified_gmt":"2023-09-14T16:19:33","slug":"17aktuelles05","status":"publish","type":"post","link":"https:\/\/www.feuerwehr-sevelen.de\/?p=119","title":{"rendered":"Modul 1 der Grundausbildung abgeschlossen"},"content":{"rendered":"<p><strong>Pressebericht der Niederrhein Nachrichten vom 22. M\u00e4rz 2017:<\/strong><\/p>\n<p>Von der Feuerwehr Issum haben die Kameraden Maurice L\u00fcning, Sebastian Tersch\u00fcren, Marc Wengeler und Henrik Manders, alle vier vom L\u00f6schzug Sevelen, mit Erfolg teilgenommen.<\/p>\n<p><img decoding=\"async\" class=\" alignleft size-full wp-image-441\" style=\"margin: 10px; border: 0px currentColor; float: left;\" src=\"https:\/\/test.feuerwehr-sevelen.de\/wp-content\/uploads\/2017\/02\/images_phocagallery_Aktuelles_Aktuelles_17_Aktuelles_05-Dateien_2017-03-22_PM-NN_Modul-1.JPG\" alt=\"bef\u00f6rderte und geehrte Feuerwehrm\u00e4nner\" width=\"635\" srcset=\"https:\/\/www.feuerwehr-sevelen.de\/wp-content\/uploads\/2017\/02\/images_phocagallery_Aktuelles_Aktuelles_17_Aktuelles_05-Dateien_2017-03-22_PM-NN_Modul-1.JPG 635w, https:\/\/www.feuerwehr-sevelen.de\/wp-content\/uploads\/2017\/02\/images_phocagallery_Aktuelles_Aktuelles_17_Aktuelles_05-Dateien_2017-03-22_PM-NN_Modul-1-300x274.jpg 300w\" sizes=\"(max-width: 635px) 100vw, 635px\" \/><\/p>\n","protected":false},"excerpt":{"rendered":"<p>Pressebericht der Niederrhein Nachrichten vom 22. M\u00e4rz 2017: Von der Feuerwehr Issum haben die Kameraden Maurice L\u00fcning, Sebastian Tersch\u00fcren, Marc Wengeler und Henrik Manders, alle vier vom L\u00f6schzug Sevelen, mit Erfolg teilgenommen.<\/p>\n","protected":false},"author":3,"featured_media":441,"comment_status":"open","ping_status":"open","sticky":false,"template":"","format":"standard","meta":{"footnotes":""},"categories":[6,27],"tags":[],"class_list":["post-119","post","type-post","status-publish","format-standard","has-post-thumbnail","hentry","category-aktuelles","category-aktuelles-2017"],"_links":{"self":[{"href":"https:\/\/www.feuerwehr-sevelen.de\/index.php?rest_route=\/wp\/v2\/posts\/119","targetHints":{"allow":["GET"]}}],"collection":[{"href":"https:\/\/www.feuerwehr-sevelen.de\/index.php?rest_route=\/wp\/v2\/posts"}],"about":[{"href":"https:\/\/www.feuerwehr-sevelen.de\/index.php?rest_route=\/wp\/v2\/types\/post"}],"author":[{"embeddable":true,"href":"https:\/\/www.feuerwehr-sevelen.de\/index.php?rest_route=\/wp\/v2\/users\/3"}],"replies":[{"embeddable":true,"href":"https:\/\/www.feuerwehr-sevelen.de\/index.php?rest_route=%2Fwp%2Fv2%2Fcomments&post=119"}],"version-history":[{"count":2,"href":"https:\/\/www.feuerwehr-sevelen.de\/index.php?rest_route=\/wp\/v2\/posts\/119\/revisions"}],"predecessor-version":[{"id":1292,"href":"https:\/\/www.feuerwehr-sevelen.de\/index.php?rest_route=\/wp\/v2\/posts\/119\/revisions\/1292"}],"wp:featuredmedia":[{"embeddable":true,"href":"https:\/\/www.feuerwehr-sevelen.de\/index.php?rest_route=\/wp\/v2\/media\/441"}],"wp:attachment":[{"href":"https:\/\/www.feuerwehr-sevelen.de\/index.php?rest_route=%2Fwp%2Fv2%2Fmedia&parent=119"}],"wp:term":[{"taxonomy":"category","embeddable":true,"href":"https:\/\/www.feuerwehr-sevelen.de\/index.php?rest_route=%2Fwp%2Fv2%2Fcategories&post=119"},{"taxonomy":"post_tag","embeddable":true,"href":"https:\/\/www.feuerwehr-sevelen.de\/index.php?rest_route=%2Fwp%2Fv2%2Ftags&post=119"}],"curies":[{"name":"wp","href":"https:\/\/api.w.org\/{rel}","templated":true}]}}